{"id":2671,"date":"2020-12-16T15:47:43","date_gmt":"2020-12-16T15:47:43","guid":{"rendered":"https:\/\/krankenhauspfarramt.de\/index.php\/2020\/12\/16\/ministerium-und-kirchen-vereinbaren-anmeldepflicht-fuer-gottesdienste-ekd\/"},"modified":"2020-12-16T15:47:45","modified_gmt":"2020-12-16T15:47:45","slug":"ministerium-und-kirchen-vereinbaren-anmeldepflicht-fuer-gottesdienste-ekd","status":"publish","type":"post","link":"https:\/\/krankenhauspfarramt.de\/index.php\/2020\/12\/16\/ministerium-und-kirchen-vereinbaren-anmeldepflicht-fuer-gottesdienste-ekd\/","title":{"rendered":"Ministerium und Kirchen vereinbaren Anmeldepflicht f\u00fcr Gottesdienste \u2013 EKD"},"content":{"rendered":"<p> <br \/>\n<\/p>\n<div>\n<p>&#8222;Die Gottesdienste an Heiligabend werden ohne Gemeindegesang stattfinden und jeder Teilnehmer muss sich anmelden&#8220;, sagte Dutzmann danach. Das gelte auch f\u00fcr Gottesdienste unter freiem Himmel. In vielen Gemeinden werde dies aber auch bereits seit l\u00e4ngerer Zeit so praktiziert.<\/p>\n<p>&#8222;Wir sind uns mit der Bundesregierung einig, dass die Gottesdienste in verantwortlicher Weise abgehalten werden m\u00fcssen und verweisen auf die Angebote im Fernsehen und online&#8220;, sagte Dutzmann und betonte: &#8222;Wo Zweifel bestehen, dass ein Pr\u00e4senzgottesdienst verantwortlich gestaltet werden kann, sollte man ihn absagen.&#8220; Das sei auch Konsens in der Kirchenkonferenz, dem Zusammenschluss der evangelischen Landeskirchen, die am Montag getagt hatte.<\/p>\n<p>Vielerorts haben Gemeinden wegen der Corona-Pandemie Freiluft-Gottesdienste oder kleinere Feiern geplant. Der Bund-L\u00e4nder-Beschluss hatte zu einer erneuten Diskussion dar\u00fcber gef\u00fchrt, ob Gottesdienste abgesagt werden m\u00fcssen. An dem Gespr\u00e4ch am Dienstag nahmen neben Vertretern der evangelischen, katholischen und orthodoxen Kirche sowie der Freikirchen auch Vertreter der j\u00fcdischen und muslimischen Gemeinden in Deutschland teil.<\/p>\n<p>Auch in den Bundesl\u00e4ndern beraten Regierungen und Kirchenvertreter \u00fcber das Vorgehen an Heiligabend und Weihnachten. In Baden-W\u00fcrttemberg wird an Heiligabend eine Ausnahme von Ausgangsbeschr\u00e4nkungen f\u00fcr Gottesdienstbesucher gemacht. Anders in Bayern: Dort soll es anders als es die katholischen Bisch\u00f6fe gefordert hatten, keine Ausnahme geben, sagte der bayerische Ministerpr\u00e4sident Markus S\u00f6der (CSU) am Dienstag im bayerischen Landtag.<\/p>\n<p>&#8222;Das ist f\u00fcr uns ein schmerzlicher Eingriff&#8220;, schrieb der bayerische Landesbischof Heinrich Bedford-Strohm auf Facebook. Trotzdem nehme man es hin &#8222;als Teil einer gro\u00dfen Kraftanstrengung, in der wir alle zusammen helfen, um auf die Herausforderungen der Pandemie mit wirksamen Mitteln verantwortlich zu reagieren&#8220;. Bedford-Strohm, der auch Ratsvorsitzender der Evangelischen Kirche in Deutschland (EKD) ist, betonte: &#8222;In der evangelischen Kirche in Bayern werden am Heiligen Abend viele Gottesdienste gefeiert werden.&#8220;<\/p>\n<p>Im Gespr\u00e4ch mit dem Innenministerium ging es Dutzmann und dem Ministeriumssprecher zufolge auch um die Begleitung Sterbender im Lockdown. &#8222;Wir sind mit den staatlichen Vertretern einig dar\u00fcber, dass kein Mensch an seinem Lebensende allein gelassen werden darf&#8220;, sagte Dutzmann.<\/p>\n<\/p><\/div>\n","protected":false},"excerpt":{"rendered":"<p>&#8222;Die Gottesdienste an Heiligabend werden ohne Gemeindegesang stattfinden und jeder Teilnehmer muss sich anmelden&#8220;, sagte Dutzmann danach. Das gelte auch<\/p>\n","protected":false},"author":1,"featured_media":2617,"comment_status":"closed","ping_status":"closed","sticky":false,"template":"","format":"standard","meta":{"footnotes":""},"categories":[20],"tags":[],"_links":{"self":[{"href":"https:\/\/krankenhauspfarramt.de\/index.php\/wp-json\/wp\/v2\/posts\/2671"}],"collection":[{"href":"https:\/\/krankenhauspfarramt.de\/index.php\/wp-json\/wp\/v2\/posts"}],"about":[{"href":"https:\/\/krankenhauspfarramt.de\/index.php\/wp-json\/wp\/v2\/types\/post"}],"author":[{"embeddable":true,"href":"https:\/\/krankenhauspfarramt.de\/index.php\/wp-json\/wp\/v2\/users\/1"}],"replies":[{"embeddable":true,"href":"https:\/\/krankenhauspfarramt.de\/index.php\/wp-json\/wp\/v2\/comments?post=2671"}],"version-history":[{"count":1,"href":"https:\/\/krankenhauspfarramt.de\/index.php\/wp-json\/wp\/v2\/posts\/2671\/revisions"}],"predecessor-version":[{"id":2672,"href":"https:\/\/krankenhauspfarramt.de\/index.php\/wp-json\/wp\/v2\/posts\/2671\/revisions\/2672"}],"wp:featuredmedia":[{"embeddable":true,"href":"https:\/\/krankenhauspfarramt.de\/index.php\/wp-json\/wp\/v2\/media\/2617"}],"wp:attachment":[{"href":"https:\/\/krankenhauspfarramt.de\/index.php\/wp-json\/wp\/v2\/media?parent=2671"}],"wp:term":[{"taxonomy":"category","embeddable":true,"href":"https:\/\/krankenhauspfarramt.de\/index.php\/wp-json\/wp\/v2\/categories?post=2671"},{"taxonomy":"post_tag","embeddable":true,"href":"https:\/\/krankenhauspfarramt.de\/index.php\/wp-json\/wp\/v2\/tags?post=2671"}],"curies":[{"name":"wp","href":"https:\/\/api.w.org\/{rel}","templated":true}]}}