{"id":2676,"date":"2020-12-17T12:38:38","date_gmt":"2020-12-17T12:38:38","guid":{"rendered":"https:\/\/krankenhauspfarramt.de\/index.php\/2020\/12\/17\/menschenrechtsverletzungen-auch-mitten-in-europa-ekd\/"},"modified":"2020-12-17T12:38:40","modified_gmt":"2020-12-17T12:38:40","slug":"menschenrechtsverletzungen-auch-mitten-in-europa-ekd","status":"publish","type":"post","link":"https:\/\/krankenhauspfarramt.de\/index.php\/2020\/12\/17\/menschenrechtsverletzungen-auch-mitten-in-europa-ekd\/","title":{"rendered":"Menschenrechtsverletzungen auch mitten in Europa \u2013 EKD"},"content":{"rendered":"<p> <br \/>\n<\/p>\n<div>\n<p><em>Wie beeinflusst die Corona-Pandemie die Situation der Menschenrechte weltweit?<\/em><\/p>\n<p><strong>Bosse-Huber:<\/strong> <span style=\"line-height:115%\"><span style=\"line-height:115%\">Wir wissen aus den Berichten unserer Partnerkirchen, von internationalen Organisationen und dem Weltkirchenrat (\u00d6RK), dass Corona weltweit immer wieder als Deckm\u00e4ntelchen genutzt wird, um Menschenrechtsverletzungen unsichtbar zu machen. Es werden angebliche Corona-Schutzgesetze implementiert und benutzt, um sowieso schon diskriminierte Gruppen zu inhaftieren oder \u00f6ffentliche Demonstrationen zu verhindern. Das gibt es in mehreren afrikanischen und asiatischen Staaten. Was wir zum Beispiel in der westlichen Welt erleben \u2013 auch von US-Pr\u00e4sident Donald Trump \u2013 ist, dass bis heute vom \u201eChina-Virus\u201c gesprochen wird, um bestimmte V\u00f6lker, Minderheiten oder wie in diesem Fall ein riesiges Weltreich zu diskriminieren, indem man es f\u00fcr das Corona-Virus verantwortlich macht. <\/span><\/span><\/p>\n<p><span style=\"line-height:115%\"><span style=\"line-height:115%\">Zus\u00e4tzlich sind durch die Corona-Pandemie Millionen Menschen benachteiligt, weil sie in Regionen leben, in denen gro\u00dfe Armut herrscht und der Zugang zu grundlegender Versorgung von Wasser, Nahrung und Medizin nicht gegeben ist. Ich denke da an Menschen, die in Slums am Rand von Mega-St\u00e4dten wie Kairo leben. Wie soll man da Abstand halten? Wie kann man Menschen, die \u00fcberhaupt keinen Zugang zu Wasser haben, sagen, sie sollen sich regelm\u00e4\u00dfig die H\u00e4nde waschen? Das ist zynisch. Auch arbeiten 90 Prozent der Weltbev\u00f6lkerung im informellen Sektor \u2013 als <span style=\"background-attachment:scroll; background-clip:border-box; background-image:none; background-origin:padding-box; background-position:0% 0%; background-repeat:repeat; background-size:auto\">Wanderarbeiter*innen, Tagel\u00f6hner*innen oder Stra\u00dfenh\u00e4ndler*innen<\/span>. Nach abrupten Lockdowns standen sie pl\u00f6tzlich ohne Einkommen da und haben sich oft zu Fu\u00df aus den Gro\u00dfst\u00e4dten in ihre Heimatd\u00f6rfer aufgemacht. Viele von ihnen haben das nicht \u00fcberlebt, sie sind verhungert oder unterwegs gestorben. <\/span><\/span><\/p>\n<p><span style=\"line-height:115%\"><span style=\"line-height:115%\">Aber auch hier in Deutschland sind Menschen durch die Corona-Pandemie besonders gef\u00e4hrdet \u2013 zum Beispiel Gefl\u00fcchtete in Sammelunterk\u00fcnften oder Wohnungslose. Was ist, wenn die Einrichtung, in der man normalerweise duscht, geschlossen ist? Genau deshalb fordert die Diakonie Deutschland jetzt in den Wintermonaten mehr \u00dcbernachtungsr\u00e4ume zu schaffen, damit diese Menschen der Ansteckung nicht noch st\u00e4rker ausgesetzt sind, als sie es sowieso schon sind. Als Kirche muss uns der Schutz dieser Menschen unglaublich wichtig sein.<\/span><\/span><\/p>\n<p><span style=\"line-height:115%\"><em><span style=\"line-height:115%\">Die Allgemeine Menschenrechtserkl\u00e4rung wurde am 10. Dezember 1948 beschlossen. Damit war damals erst einmal viel geschafft. Was w\u00fcrden Sie sagen, fehlt aus heutiger Sicht in dem Dokument?<\/span><\/em><\/span><\/p>\n<p><strong>Bosse-Huber:<\/strong> <span style=\"line-height:115%\">Am meisten fehlt, dass sie v\u00f6lkerrechtlich nicht bindend ist. Das hat man in den 1960er und 70er Jahren versucht nachzuholen \u2013 durch den Internationalen Pakt \u00fcber b\u00fcrgerliche und politische Rechte (\u201eZivilpakt\u201c) und den Internationalen Pakt \u00fcber wirtschaftliche, soziale und kulturelle Rechte (\u201eSozialpakt\u201c). In der Folge ist 1950 zum Beispiel auch die Europ\u00e4ische Menschenrechtskonvention entstanden. An Papier mangelt es an dieser Stelle nicht \u2013 und ich glaube, es mangelte auch nicht an dem ehrlichen Willen derer, die diese Papiere unterzeichnet haben. Aber was uns bisher nicht gelungen ist, ist einzuhalten, was wir in den Dokumenten festgehalten haben. An vielen Stellen muss man sagen, ist das Gegenteil der Fall. Menschenrechte sind hoch fragil und ob sie f\u00fcr alle gelten, wird auch in Deutschland wieder offen infrage gestellt. Wir haben es mit neuen Formen von Rassismus zu tun, die so offen bislang nicht auf der politischen B\u00fchne vorkamen. Es gibt die Gefahr, dass Menschen, die sich f\u00fcr Menschenrechte einsetzen, selbst zum Opfer von Menschenrechtsverletzungen werden \u2013 zum Beispiel, wenn Fl\u00fcchtlingshelfer*innen bedroht werden. Wir m\u00fcssen mit Entschiedenheit dagegen aufstehen und diese kostbare Menschenrechtserkl\u00e4rung nach allen Kr\u00e4ften verteidigen. <\/span><\/p>\n<p style=\"text-align:right\">Das Interview f\u00fchrte Patricia Averesch<\/p>\n<\/p><\/div>\n","protected":false},"excerpt":{"rendered":"<p>Wie beeinflusst die Corona-Pandemie die Situation der Menschenrechte weltweit? Bosse-Huber: Wir wissen aus den Berichten unserer Partnerkirchen, von internationalen Organisationen<\/p>\n","protected":false},"author":1,"featured_media":2677,"comment_status":"closed","ping_status":"closed","sticky":false,"template":"","format":"standard","meta":{"footnotes":""},"categories":[20],"tags":[],"_links":{"self":[{"href":"https:\/\/krankenhauspfarramt.de\/index.php\/wp-json\/wp\/v2\/posts\/2676"}],"collection":[{"href":"https:\/\/krankenhauspfarramt.de\/index.php\/wp-json\/wp\/v2\/posts"}],"about":[{"href":"https:\/\/krankenhauspfarramt.de\/index.php\/wp-json\/wp\/v2\/types\/post"}],"author":[{"embeddable":true,"href":"https:\/\/krankenhauspfarramt.de\/index.php\/wp-json\/wp\/v2\/users\/1"}],"replies":[{"embeddable":true,"href":"https:\/\/krankenhauspfarramt.de\/index.php\/wp-json\/wp\/v2\/comments?post=2676"}],"version-history":[{"count":1,"href":"https:\/\/krankenhauspfarramt.de\/index.php\/wp-json\/wp\/v2\/posts\/2676\/revisions"}],"predecessor-version":[{"id":2678,"href":"https:\/\/krankenhauspfarramt.de\/index.php\/wp-json\/wp\/v2\/posts\/2676\/revisions\/2678"}],"wp:featuredmedia":[{"embeddable":true,"href":"https:\/\/krankenhauspfarramt.de\/index.php\/wp-json\/wp\/v2\/media\/2677"}],"wp:attachment":[{"href":"https:\/\/krankenhauspfarramt.de\/index.php\/wp-json\/wp\/v2\/media?parent=2676"}],"wp:term":[{"taxonomy":"category","embeddable":true,"href":"https:\/\/krankenhauspfarramt.de\/index.php\/wp-json\/wp\/v2\/categories?post=2676"},{"taxonomy":"post_tag","embeddable":true,"href":"https:\/\/krankenhauspfarramt.de\/index.php\/wp-json\/wp\/v2\/tags?post=2676"}],"curies":[{"name":"wp","href":"https:\/\/api.w.org\/{rel}","templated":true}]}}