{"id":2735,"date":"2020-12-29T14:36:45","date_gmt":"2020-12-29T14:36:45","guid":{"rendered":"https:\/\/krankenhauspfarramt.de\/index.php\/2020\/12\/29\/wer-barmherzig-ist-der-erreicht-herzen-ekd\/"},"modified":"2020-12-29T14:36:47","modified_gmt":"2020-12-29T14:36:47","slug":"wer-barmherzig-ist-der-erreicht-herzen-ekd","status":"publish","type":"post","link":"https:\/\/krankenhauspfarramt.de\/index.php\/2020\/12\/29\/wer-barmherzig-ist-der-erreicht-herzen-ekd\/","title":{"rendered":"Wer barmherzig ist, der erreicht Herzen \u2013 EKD"},"content":{"rendered":"<p> <br \/>\n<\/p>\n<div id=\"\">\n<div class=\"article--meta article--meta__border clearfix\">\n<p>                                    <time datetime=\"29.12.2020 12:00\" class=\"article--time\">29.12.2020<\/time><strong class=\"article--type primus--overline\">Pressemitteilung<\/strong><\/p>\n<picture class=\"article--source-image image\"><source srcset=\"https:\/\/ekd.de\/ekd_de\/ds_img\/assets\/20170622_ekd-Quellenlogo_141.png\"><!--<source srcset=\"\/ekd_de\/ds_img\/assets\/20170622_ekd-Quellenlogo_141_rdax_141x59.png 1x, \/ekd_de\/ds_img\/assets\/20170622_ekd-Quellenlogo_141_rdax_282x118.png 2x, https:\/\/ekd.de\/ekd_de\/ds_img\/assets\/20170622_ekd-Quellenlogo_141.png 3x\">--><\/source><\/picture>\n<\/p><\/div>\n<h2 class=\"article--sub-headline primus--sub-headline\">EKD-Ratsvorsitzender zur Jahreslosung 2021<\/h2>\n<\/p><\/div>\n<div id=\"\">\n<p style=\"margin-bottom:0.0001pt; margin-left:0cm; margin-right:0cm; margin-top:0cm\">Der Ratsvorsitzende der Evangelischen Kirche in Deutschland (EKD), Landesbischof Heinrich Bedford-Strohm, ruft in seiner Botschaft zum Jahreswechsel dazu auf, die anderen im Blick zu behalten, empfindsam f\u00fcreinander zu bleiben und die T\u00fcren f\u00fcreinander offen zu halten. Die Jahreslosung f\u00fcr das neue Jahr \u201eSeid barmherzig, wie auch euer Vater barmherzig ist!\u201c (Lukas 6,36) habe etwas Bestechendes: \u201eNur wer Barmherzigkeit erfahren hat, kann barmherzig sein. Es ist wie mit der Liebe, die man nur geben kann, wenn man sie selbst erfahren hat. Das hat nichts Mathematisches, es handelt sich um keine Gleichung. Es ist Leben aus Erfahrung, die das Herz und das gesamte Dasein pr\u00e4gt.\u201c<\/p>\n<p style=\"margin-bottom:0.0001pt; margin-left:0cm; margin-right:0cm; margin-top:0cm\">\u00a0<\/p>\n<p style=\"margin-bottom:0.0001pt; margin-left:0cm; margin-right:0cm; margin-top:0cm\">Die diesj\u00e4hrige Losung stammt aus der sogenannten Feldrede im Lukasevangelium. Dort mahnt Jesus auch Werte wie Zuwendung und Solidarit\u00e4t, N\u00e4chstenliebe und Feindesliebe an.<\/p>\n<p style=\"margin-bottom:0.0001pt; margin-left:0cm; margin-right:0cm; margin-top:0cm\">\u00a0<\/p>\n<p style=\"margin-bottom:0.0001pt; margin-left:0cm; margin-right:0cm; margin-top:0cm\">\u201eDas Wort Barmherzigkeit hat f\u00fcr manche vielleicht etwas Altert\u00fcmliches, etwas Gestriges, das es nur noch bei der Kirche gibt. F\u00fcr mich ist Barmherzigkeit viel mehr: es ist ein Programm, ein Auftrag Gottes an uns alle. Sei barmherzig mit Dir, sei barmherzig mit anderen, Du verlierst nichts dabei. Du gewinnst. Wer barmherzig ist, schlie\u00dft verfahrene Situationen auf, der erreicht Herzen und schafft Umdenken bei Festgefahrenem\u201c, so Bedford-Strohm.<\/p>\n<p style=\"margin-bottom:0.0001pt; margin-left:0cm; margin-right:0cm; margin-top:0cm\">\u00a0<\/p>\n<p style=\"margin-bottom:0.0001pt; margin-left:0cm; margin-right:0cm; margin-top:0cm\">\u201eGott ist die Quelle der Barmherzigkeit. Seiner Barmherzigkeit d\u00fcrfen wir gewiss sein. Damit ist der Grund gelegt, dass wir diese Barmherzigkeit nun auch selbst ausstrahlen. Ich bin mir sicher, die Wirkung wird uns \u00fcberraschen. Dahin uns aufzumachen, das neu zu entdecken, w\u00e4re ein sehr guter Vorsatz f\u00fcr das Jahr 2021: Aus der Kraft Gottes, ohne Sorge, aus Freiheit barmherzig zu leben.\u201c<\/p>\n<p style=\"margin-bottom:0.0001pt; margin-left:0cm; margin-right:0cm; margin-top:0cm\">\u00a0<\/p>\n<p style=\"margin-bottom:0.0001pt; margin-left:0cm; margin-right:0cm; margin-top:0cm\">Als Jahreslosung wird von der \u00d6kumenischen Arbeitsgemeinschaft f\u00fcr Bibellesen (\u00d6AB) jeweils drei Jahre im Voraus ein Vers aus der Bibel ausgew\u00e4hlt. Die Jahreslosung dient vielen Christinnen und Christen als Leitvers f\u00fcr das Jahr.<\/p>\n<p class=\"EKDAdressdaten\" style=\"margin-bottom:0.0001pt; margin-left:0cm; margin-right:0cm; margin-top:0cm\">\u00a0<\/p>\n<p class=\"EKDAdressdaten\" style=\"margin-bottom:0.0001pt; margin-left:0cm; margin-right:0cm; margin-top:0cm\">\u00a0<\/p>\n<p class=\"EKDAdressdaten\" style=\"margin-bottom:0.0001pt; margin-left:0cm; margin-right:0cm; margin-top:0cm\">Hannover, 29. Dezember 2020<\/p>\n<p class=\"EKDAdressdaten\" style=\"margin-bottom:0.0001pt; margin-left:0cm; margin-right:0cm; margin-top:0cm\">\u00a0<\/p>\n<p class=\"EKDAdressdaten\" style=\"margin-bottom:0.0001pt; margin-left:0cm; margin-right:0cm; margin-top:0cm\">Pressestelle der EKD<\/p>\n<p class=\"EKDAdressdaten\" style=\"margin-bottom:0.0001pt; margin-left:0cm; margin-right:0cm; margin-top:0cm\">Annika Lukas<\/p>\n<\/div>\n","protected":false},"excerpt":{"rendered":"<p>29.12.2020Pressemitteilung EKD-Ratsvorsitzender zur Jahreslosung 2021 Der Ratsvorsitzende der Evangelischen Kirche in Deutschland (EKD), Landesbischof Heinrich Bedford-Strohm, ruft in seiner Botschaft<\/p>\n","protected":false},"author":1,"featured_media":569,"comment_status":"closed","ping_status":"closed","sticky":false,"template":"","format":"standard","meta":{"footnotes":""},"categories":[20],"tags":[],"_links":{"self":[{"href":"https:\/\/krankenhauspfarramt.de\/index.php\/wp-json\/wp\/v2\/posts\/2735"}],"collection":[{"href":"https:\/\/krankenhauspfarramt.de\/index.php\/wp-json\/wp\/v2\/posts"}],"about":[{"href":"https:\/\/krankenhauspfarramt.de\/index.php\/wp-json\/wp\/v2\/types\/post"}],"author":[{"embeddable":true,"href":"https:\/\/krankenhauspfarramt.de\/index.php\/wp-json\/wp\/v2\/users\/1"}],"replies":[{"embeddable":true,"href":"https:\/\/krankenhauspfarramt.de\/index.php\/wp-json\/wp\/v2\/comments?post=2735"}],"version-history":[{"count":1,"href":"https:\/\/krankenhauspfarramt.de\/index.php\/wp-json\/wp\/v2\/posts\/2735\/revisions"}],"predecessor-version":[{"id":2736,"href":"https:\/\/krankenhauspfarramt.de\/index.php\/wp-json\/wp\/v2\/posts\/2735\/revisions\/2736"}],"wp:featuredmedia":[{"embeddable":true,"href":"https:\/\/krankenhauspfarramt.de\/index.php\/wp-json\/wp\/v2\/media\/569"}],"wp:attachment":[{"href":"https:\/\/krankenhauspfarramt.de\/index.php\/wp-json\/wp\/v2\/media?parent=2735"}],"wp:term":[{"taxonomy":"category","embeddable":true,"href":"https:\/\/krankenhauspfarramt.de\/index.php\/wp-json\/wp\/v2\/categories?post=2735"},{"taxonomy":"post_tag","embeddable":true,"href":"https:\/\/krankenhauspfarramt.de\/index.php\/wp-json\/wp\/v2\/tags?post=2735"}],"curies":[{"name":"wp","href":"https:\/\/api.w.org\/{rel}","templated":true}]}}