{"id":2737,"date":"2020-12-29T18:03:43","date_gmt":"2020-12-29T18:03:43","guid":{"rendered":"https:\/\/krankenhauspfarramt.de\/index.php\/2020\/12\/29\/bischoefe-sprechen-zum-jahreswechsel-mut-zu-ekd\/"},"modified":"2020-12-29T18:03:45","modified_gmt":"2020-12-29T18:03:45","slug":"bischoefe-sprechen-zum-jahreswechsel-mut-zu-ekd","status":"publish","type":"post","link":"https:\/\/krankenhauspfarramt.de\/index.php\/2020\/12\/29\/bischoefe-sprechen-zum-jahreswechsel-mut-zu-ekd\/","title":{"rendered":"Bisch\u00f6fe sprechen zum Jahreswechsel Mut zu \u2013 EKD"},"content":{"rendered":"<p> <br \/>\n<\/p>\n<div>\n<p>Der Berliner evangelische Bischof Christian St\u00e4blein rief zu Solidarit\u00e4t in der Corona-Pandemie auf. Das zur\u00fcckliegende Jahr habe gezeigt, &#8222;wie essenziell wichtig F\u00fcrsorge&#8220; geworden sei und auch bleiben werde, erkl\u00e4rte der leitende Geistliche der Evangelischen Kirche Berlin-Brandenburg-schlesische Oberlausitz am Dienstag in Berlin: &#8222;Barmherzigkeit brauchen wir 2021 mehr denn je.&#8220;<\/p>\n<p>Der badische evangelische Landesbischof Jochen Cornelius-Bundschuh w\u00fcrdigte zum Jahreswechsel die Solidarit\u00e4t vieler Menschen in der Corona-Pandemie. So h\u00e4tten viele mit viel Engagement und Kreativit\u00e4t einander geholfen und sich in andere hineinversetzt, betonte der Landesbischof in einer am Dienstag in Karlsruhe verbreiteten Botschaft. In seiner Videobotschaft ging der Bischof auch auf die Situation gefl\u00fcchteter Menschen ein: Gottes Barmherzigkeit mache Mut, sich &#8222;nicht abzuschotten, sondern auf andere zuzugehen&#8220;. Dies gelte derzeit in besondere Weise f\u00fcr die Menschen, die nach Europa fl\u00fcchten.\u00a0<\/p>\n<p>&#8222;Auch dieses Jahr gehe ich nicht ohne die Begleitung Gottes in die Zeit&#8220;, erkl\u00e4rte der w\u00fcrttembergische Landesbischof Frank Otfried July mit Blick auf die Jahreslosung laut seiner Landeskirche vom Dienstag. Barmherzigkeit sei, sich ein Herz zu fassen, f\u00fcr andere ein Mitmensch zu sein, wie man es sich selbst w\u00fcnschen w\u00fcrde. &#8222;Die gute Botschaft f\u00fcr dieses neue Jahr ist: Jeder, jede kann mit Barmherzigkeit anfangen. Hier und jetzt&#8220;, sagte der evangelische Theologe.<\/p>\n<p>Die biblischen Leitworte der Jahreslosungen werden von der \u00d6kumenischen Arbeitsgemeinschaft f\u00fcr Bibellesen bereits mehrere Jahre im Voraus ausgew\u00e4hlt. Sie dienen vielen Christen als Richtschnur in ihrem allt\u00e4glichen Leben. Die Praxis der Losungen stammt von der Herrnhuter Br\u00fcdergemeine in der s\u00e4chsischen Oberlausitz. 1728 w\u00e4hlte der Begr\u00fcnder dieser geistlichen Gemeinschaft, Ludwig Graf von Zinzendorf (1700-1760), zum ersten Mal einen Bibelspruch f\u00fcr die Mitglieder der Herrnhuter aus.\u00a0<\/p>\n<\/p><\/div>\n","protected":false},"excerpt":{"rendered":"<p>Der Berliner evangelische Bischof Christian St\u00e4blein rief zu Solidarit\u00e4t in der Corona-Pandemie auf. Das zur\u00fcckliegende Jahr habe gezeigt, &#8222;wie essenziell<\/p>\n","protected":false},"author":1,"featured_media":2738,"comment_status":"closed","ping_status":"closed","sticky":false,"template":"","format":"standard","meta":{"footnotes":""},"categories":[20],"tags":[],"_links":{"self":[{"href":"https:\/\/krankenhauspfarramt.de\/index.php\/wp-json\/wp\/v2\/posts\/2737"}],"collection":[{"href":"https:\/\/krankenhauspfarramt.de\/index.php\/wp-json\/wp\/v2\/posts"}],"about":[{"href":"https:\/\/krankenhauspfarramt.de\/index.php\/wp-json\/wp\/v2\/types\/post"}],"author":[{"embeddable":true,"href":"https:\/\/krankenhauspfarramt.de\/index.php\/wp-json\/wp\/v2\/users\/1"}],"replies":[{"embeddable":true,"href":"https:\/\/krankenhauspfarramt.de\/index.php\/wp-json\/wp\/v2\/comments?post=2737"}],"version-history":[{"count":1,"href":"https:\/\/krankenhauspfarramt.de\/index.php\/wp-json\/wp\/v2\/posts\/2737\/revisions"}],"predecessor-version":[{"id":2739,"href":"https:\/\/krankenhauspfarramt.de\/index.php\/wp-json\/wp\/v2\/posts\/2737\/revisions\/2739"}],"wp:featuredmedia":[{"embeddable":true,"href":"https:\/\/krankenhauspfarramt.de\/index.php\/wp-json\/wp\/v2\/media\/2738"}],"wp:attachment":[{"href":"https:\/\/krankenhauspfarramt.de\/index.php\/wp-json\/wp\/v2\/media?parent=2737"}],"wp:term":[{"taxonomy":"category","embeddable":true,"href":"https:\/\/krankenhauspfarramt.de\/index.php\/wp-json\/wp\/v2\/categories?post=2737"},{"taxonomy":"post_tag","embeddable":true,"href":"https:\/\/krankenhauspfarramt.de\/index.php\/wp-json\/wp\/v2\/tags?post=2737"}],"curies":[{"name":"wp","href":"https:\/\/api.w.org\/{rel}","templated":true}]}}