{"id":2772,"date":"2021-01-11T18:45:56","date_gmt":"2021-01-11T18:45:56","guid":{"rendered":"https:\/\/krankenhauspfarramt.de\/index.php\/2021\/01\/11\/scheidender-praeses-rekowski-stimmt-rheinische-kirche-auf-umbau-ein-ekd\/"},"modified":"2021-01-11T18:45:56","modified_gmt":"2021-01-11T18:45:56","slug":"scheidender-praeses-rekowski-stimmt-rheinische-kirche-auf-umbau-ein-ekd","status":"publish","type":"post","link":"https:\/\/krankenhauspfarramt.de\/index.php\/2021\/01\/11\/scheidender-praeses-rekowski-stimmt-rheinische-kirche-auf-umbau-ein-ekd\/","title":{"rendered":"Scheidender Pr\u00e4ses Rekowski stimmt rheinische Kirche auf Umbau ein \u2013 EKD"},"content":{"rendered":"<p> <br \/>\n<\/p>\n<div>\n<p>Auch der Zuschnitt von Landeskirchen und \u00c4nderungen der kirchlichen Grundordnung d\u00fcrften kein Tabu sein, damit &#8222;so viele Mittel wie irgend m\u00f6glich in die unmittelbare kirchlich-diakonische Arbeit flie\u00dfen&#8220;, erkl\u00e4rte der Theologe vor den 193 Synodalen, die 37 Kirchenkreise und 655 Gemeinden zwischen Niederrhein und Saar vertreten. Der \u00f6ffentliche Anspruch von Kirche bleibe, weil das Evangelium gesellschaftlich relevant sei.<\/p>\n<p>Innerhalb der rheinischen Kirche pl\u00e4diert Rekowski daf\u00fcr, den Kirchenkreisen mehr Kompetenzen zu geben, damit sie das kirchliche Leben in der Region gestalten und verantworten k\u00f6nnen. Eigen- und Partikularinteressen m\u00fcssten zur\u00fcckstehen. Auf den Pr\u00fcfstand geh\u00f6rten auch die Grundordnung und die Gremienstruktur der rheinischen Kirche, um Reibungsverluste zu vermeiden.<\/p>\n<p>Informationen zur Synodentagung: www.ekir.de\/landessynode<\/p>\n<\/p><\/div>\n","protected":false},"excerpt":{"rendered":"<p>Auch der Zuschnitt von Landeskirchen und \u00c4nderungen der kirchlichen Grundordnung d\u00fcrften kein Tabu sein, damit &#8222;so viele Mittel wie irgend<\/p>\n","protected":false},"author":1,"featured_media":0,"comment_status":"closed","ping_status":"closed","sticky":false,"template":"","format":"standard","meta":{"footnotes":""},"categories":[20],"tags":[],"_links":{"self":[{"href":"https:\/\/krankenhauspfarramt.de\/index.php\/wp-json\/wp\/v2\/posts\/2772"}],"collection":[{"href":"https:\/\/krankenhauspfarramt.de\/index.php\/wp-json\/wp\/v2\/posts"}],"about":[{"href":"https:\/\/krankenhauspfarramt.de\/index.php\/wp-json\/wp\/v2\/types\/post"}],"author":[{"embeddable":true,"href":"https:\/\/krankenhauspfarramt.de\/index.php\/wp-json\/wp\/v2\/users\/1"}],"replies":[{"embeddable":true,"href":"https:\/\/krankenhauspfarramt.de\/index.php\/wp-json\/wp\/v2\/comments?post=2772"}],"version-history":[{"count":0,"href":"https:\/\/krankenhauspfarramt.de\/index.php\/wp-json\/wp\/v2\/posts\/2772\/revisions"}],"wp:attachment":[{"href":"https:\/\/krankenhauspfarramt.de\/index.php\/wp-json\/wp\/v2\/media?parent=2772"}],"wp:term":[{"taxonomy":"category","embeddable":true,"href":"https:\/\/krankenhauspfarramt.de\/index.php\/wp-json\/wp\/v2\/categories?post=2772"},{"taxonomy":"post_tag","embeddable":true,"href":"https:\/\/krankenhauspfarramt.de\/index.php\/wp-json\/wp\/v2\/tags?post=2772"}],"curies":[{"name":"wp","href":"https:\/\/api.w.org\/{rel}","templated":true}]}}