{"id":2779,"date":"2021-01-12T02:54:47","date_gmt":"2021-01-12T02:54:47","guid":{"rendered":"https:\/\/krankenhauspfarramt.de\/index.php\/2021\/01\/12\/polizisten-mehr-wertschaetzen-ekd\/"},"modified":"2021-01-12T02:54:50","modified_gmt":"2021-01-12T02:54:50","slug":"polizisten-mehr-wertschaetzen-ekd","status":"publish","type":"post","link":"https:\/\/krankenhauspfarramt.de\/index.php\/2021\/01\/12\/polizisten-mehr-wertschaetzen-ekd\/","title":{"rendered":"Polizisten mehr wertsch\u00e4tzen \u2013 EKD"},"content":{"rendered":"<p> <br \/>\n<\/p>\n<div>\n<p>Manzke sieht auch die Kirchen in der Pflicht, zu einem st\u00e4rkeren Vertrauen in die Arbeit der Polizei beizutragen. Sie unterst\u00fctzten auf der einen Seite etwa Fl\u00fcchtlinge und Klimasch\u00fctzer, deren Sympathisanten oft auf Demonstrationen anzutreffen seien. Gleichzeitig w\u00fcssten sie aber auch um die Sicherheitsaufgaben des Staates, \u201ef\u00fcr die Polizistinnen und Polizisten ihren Kopf hinhalten\u201c. Insofern seien sie gute Vermittler.<\/p>\n<p>Besorgt zeigte sich Manzke \u00fcber die F\u00e4lle von rechtsextremistischen Chatgruppen unter Polizisten, die in den vergangenen Monaten aus mehreren Bundesl\u00e4ndern bekanntwurden. \u201eJeder einzelne Fall schadet dem Ansehen der Polizei\u201c, sagte er. Alle F\u00e4lle m\u00fcssten aufgekl\u00e4rt und geahndet werden, und genau das sei das Interesse der Polizei. Ihre Anzahl gehe inzwischen \u00fcber das Ma\u00df von Einzelf\u00e4llen hinaus, aufs Ganze gesehen liege sie aber im Promillebereich. Vor allem mit Blick auf die Bundespolizei betonte Manzke: \u201eVon einem weit verbreiteten rechtsextremen Gedankengut zu sprechen, ist v\u00f6llig unangemessen.\u201c<\/p>\n<p>Auch die Polizeipfarrer seien gefragt, rechtsextremen Tendenzen unter Polizisten entgegenzuwirken. Deshalb geh\u00f6rten Rassismus, Rechtsextremismus und Antisemitismus zu den festen Themen der berufsethischen Bildung in der Polizei. \u201eWir brauchen Polizisten, denen die Bev\u00f6lkerung vertraut\u201c, unterstrich der Bischof: \u201eSie m\u00fcssen die Grundwerte und Grundrechte, die in unserer Verfassung dargelegt sind, pers\u00f6nlich vertreten. Aber auch das verlangt die Polizei selbst.\u201c<\/p>\n<p>Polizistinnen und Polizisten seien in einem hohen Ma\u00df extremen Ideologien gegen\u00fcber kritisch eingestellt, betonte Manzke. Der Bischof leitet die Evangelisch-Lutherische Landeskirche Schaumburg-Lippe an der Grenze von Niedersachsen und Nordrhein-Westfalen.<\/p>\n<\/p><\/div>\n","protected":false},"excerpt":{"rendered":"<p>Manzke sieht auch die Kirchen in der Pflicht, zu einem st\u00e4rkeren Vertrauen in die Arbeit der Polizei beizutragen. Sie unterst\u00fctzten<\/p>\n","protected":false},"author":1,"featured_media":2780,"comment_status":"closed","ping_status":"closed","sticky":false,"template":"","format":"standard","meta":{"footnotes":""},"categories":[20],"tags":[],"_links":{"self":[{"href":"https:\/\/krankenhauspfarramt.de\/index.php\/wp-json\/wp\/v2\/posts\/2779"}],"collection":[{"href":"https:\/\/krankenhauspfarramt.de\/index.php\/wp-json\/wp\/v2\/posts"}],"about":[{"href":"https:\/\/krankenhauspfarramt.de\/index.php\/wp-json\/wp\/v2\/types\/post"}],"author":[{"embeddable":true,"href":"https:\/\/krankenhauspfarramt.de\/index.php\/wp-json\/wp\/v2\/users\/1"}],"replies":[{"embeddable":true,"href":"https:\/\/krankenhauspfarramt.de\/index.php\/wp-json\/wp\/v2\/comments?post=2779"}],"version-history":[{"count":1,"href":"https:\/\/krankenhauspfarramt.de\/index.php\/wp-json\/wp\/v2\/posts\/2779\/revisions"}],"predecessor-version":[{"id":2781,"href":"https:\/\/krankenhauspfarramt.de\/index.php\/wp-json\/wp\/v2\/posts\/2779\/revisions\/2781"}],"wp:featuredmedia":[{"embeddable":true,"href":"https:\/\/krankenhauspfarramt.de\/index.php\/wp-json\/wp\/v2\/media\/2780"}],"wp:attachment":[{"href":"https:\/\/krankenhauspfarramt.de\/index.php\/wp-json\/wp\/v2\/media?parent=2779"}],"wp:term":[{"taxonomy":"category","embeddable":true,"href":"https:\/\/krankenhauspfarramt.de\/index.php\/wp-json\/wp\/v2\/categories?post=2779"},{"taxonomy":"post_tag","embeddable":true,"href":"https:\/\/krankenhauspfarramt.de\/index.php\/wp-json\/wp\/v2\/tags?post=2779"}],"curies":[{"name":"wp","href":"https:\/\/api.w.org\/{rel}","templated":true}]}}