{"id":2782,"date":"2021-01-12T06:57:13","date_gmt":"2021-01-12T06:57:13","guid":{"rendered":"https:\/\/krankenhauspfarramt.de\/index.php\/2021\/01\/12\/chrismon-sucht-gemeinde-2021-ekd\/"},"modified":"2021-01-12T06:57:15","modified_gmt":"2021-01-12T06:57:15","slug":"chrismon-sucht-gemeinde-2021-ekd","status":"publish","type":"post","link":"https:\/\/krankenhauspfarramt.de\/index.php\/2021\/01\/12\/chrismon-sucht-gemeinde-2021-ekd\/","title":{"rendered":"\u201echrismon\u201c sucht \u201eGemeinde 2021\u201c \u2013 EKD"},"content":{"rendered":"<p> <br \/>\n<\/p>\n<div id=\"\">\n<p>Frankfurt a.M. (epd).\u00a0Das evangelische Monatsmagazin \u201echrismon\u201c\u00a0sucht die \u201eGemeinde\u00a02021\u201c. Ab sofort k\u00f6nnen sich\u00a0Gemeinden f\u00fcr die mit insgesamt 22.000 Euro dotierten Preise bewerben, ab dem 2. M\u00e4rz kann jeder auf der Internetseite der Zeitschrift f\u00fcr seine Lieblingsgemeinde\u00a0abstimmen. Mit dem Jurywettbewerb mit Publikumsbeteiligung sollen das Engagement von Kirchengemeinden gew\u00fcrdigt und herausragende Projekte gef\u00f6rdert werden, wie \u201echrismon\u201c\u00a0am Dienstag in Frankfurt am Main mitteilte.<\/p>\n<p>Aus den zw\u00f6lf\u00a0Gemeinden, die bis zum 23. M\u00e4rz unter \u201ewww.chrismongemeinde.de\u201c\u00a0am meisten Stimmen bekommen, w\u00e4hlt das Publikum dann im Finale vom 24. M\u00e4rz bis zum 25. M\u00e4rz 2021 einmalig per Eingabe einer E-Mail-Adresse zehn Sieger. Unter allen teilnehmenden\u00a0Gemeinden pr\u00e4miert zudem eine Jury sieben Preistr\u00e4ger mit insgesamt 14.000 Euro\u00a0unabh\u00e4ngig von der Publikumswahl. Die Jurypreise in H\u00f6he von je 2.000 Euro werden in folgenden thematischen Kategorien vergeben: besonderer Gottesdienst, Diakonie, Jugend, Kirchenrenovierung, Musik, \u00d6ffentlichkeitsarbeit und Fundraising sowie Verantwortung in der Einen Welt.<\/p>\n<p>Mitmachen kann jede evangelische, katholische oder freikirchliche\u00a0Gemeinde, die der Arbeitsgemeinschaft Christlicher Kirchen in Deutschland (ACK) angeh\u00f6rt. Fast 800\u00a0Gemeinden haben sich in den vergangenen Jahren am Wettbewerb beteiligt.<\/p>\n<hr\/>\n<p><em>Die Zeitschrift \u201echrismon\u201c\u00a0liegt monatlich mit einer Auflage von 1,6 Millionen Exemplaren unter anderem in den Zeitungen &#8222;Frankfurter Allgemeine Zeitung&#8220;, &#8222;S\u00fcddeutsche Zeitung&#8220; und &#8222;Zeit&#8220;. &#8222;chrismon&#8220; erscheint unter dem Dach des Gemeinschaftswerkes der Evangelischen Publizistik (GEP). Die zentrale Medieneinrichtung der Evangelischen Kirche in Deutschland (EKD), ihrer Gliedkirchen, Werke und Einrichtungen tr\u00e4gt auch die Zentralredaktion des Evangelischen Pressedienstes (epd).<\/em><\/p>\n<p>www.chrismongemeinde.de<\/p>\n<\/div>\n","protected":false},"excerpt":{"rendered":"<p>Frankfurt a.M. (epd).\u00a0Das evangelische Monatsmagazin \u201echrismon\u201c\u00a0sucht die \u201eGemeinde\u00a02021\u201c. Ab sofort k\u00f6nnen sich\u00a0Gemeinden f\u00fcr die mit insgesamt 22.000 Euro dotierten Preise<\/p>\n","protected":false},"author":1,"featured_media":2783,"comment_status":"closed","ping_status":"closed","sticky":false,"template":"","format":"standard","meta":{"footnotes":""},"categories":[20],"tags":[],"_links":{"self":[{"href":"https:\/\/krankenhauspfarramt.de\/index.php\/wp-json\/wp\/v2\/posts\/2782"}],"collection":[{"href":"https:\/\/krankenhauspfarramt.de\/index.php\/wp-json\/wp\/v2\/posts"}],"about":[{"href":"https:\/\/krankenhauspfarramt.de\/index.php\/wp-json\/wp\/v2\/types\/post"}],"author":[{"embeddable":true,"href":"https:\/\/krankenhauspfarramt.de\/index.php\/wp-json\/wp\/v2\/users\/1"}],"replies":[{"embeddable":true,"href":"https:\/\/krankenhauspfarramt.de\/index.php\/wp-json\/wp\/v2\/comments?post=2782"}],"version-history":[{"count":1,"href":"https:\/\/krankenhauspfarramt.de\/index.php\/wp-json\/wp\/v2\/posts\/2782\/revisions"}],"predecessor-version":[{"id":2784,"href":"https:\/\/krankenhauspfarramt.de\/index.php\/wp-json\/wp\/v2\/posts\/2782\/revisions\/2784"}],"wp:featuredmedia":[{"embeddable":true,"href":"https:\/\/krankenhauspfarramt.de\/index.php\/wp-json\/wp\/v2\/media\/2783"}],"wp:attachment":[{"href":"https:\/\/krankenhauspfarramt.de\/index.php\/wp-json\/wp\/v2\/media?parent=2782"}],"wp:term":[{"taxonomy":"category","embeddable":true,"href":"https:\/\/krankenhauspfarramt.de\/index.php\/wp-json\/wp\/v2\/categories?post=2782"},{"taxonomy":"post_tag","embeddable":true,"href":"https:\/\/krankenhauspfarramt.de\/index.php\/wp-json\/wp\/v2\/tags?post=2782"}],"curies":[{"name":"wp","href":"https:\/\/api.w.org\/{rel}","templated":true}]}}