{"id":2788,"date":"2021-01-12T15:10:55","date_gmt":"2021-01-12T15:10:55","guid":{"rendered":"https:\/\/krankenhauspfarramt.de\/index.php\/2021\/01\/12\/debatte-um-assistierten-suizid-ekd\/"},"modified":"2021-01-12T15:10:56","modified_gmt":"2021-01-12T15:10:56","slug":"debatte-um-assistierten-suizid-ekd","status":"publish","type":"post","link":"https:\/\/krankenhauspfarramt.de\/index.php\/2021\/01\/12\/debatte-um-assistierten-suizid-ekd\/","title":{"rendered":"Debatte um assistierten Suizid \u2013 EKD"},"content":{"rendered":"<p> <br \/>\n<\/p>\n<div>\n<p>Die EKD setze sich f\u00fcr den Schutz des Lebens ein und stehe dabei auch an der Seite derer, die aufgrund von Erkrankung oder einer anderen Notsituation keinen Ausweg als die Selbstt\u00f6tung s\u00e4hen. \u201eDass Menschen nur noch die M\u00f6glichkeit des Suizids sehen, ist immer eine tragische Grenzsituation, die die EKD und ihre Diakonie durch die Bereitstellung palliativer Versorgung, Seelsorge, Beratung und die Arbeit der Hospize zu verhindern versuchen.&#8220; Die EKD erkl\u00e4rte, sie halte den gesellschaftlichen Diskurs \u00fcber Leid und Tod weiter f\u00fcr notwendig. Dazu konnten auch evangelische Stimmen beitragen, \u201edie von\u00a0der klaren Position des Rates der EKD abweichen&#8220;.<\/p>\n<p>In dem Gastbeitrag in der \u201eFrankfurter Allgemeinen Zeitung\u201c hatten einige evangelische Theologen u.a. daf\u00fcr pl\u00e4diert, auch in kirchlichen Einrichtungen assistierten professionellen Suizid zu erm\u00f6glichen.<\/p>\n<\/p><\/div>\n","protected":false},"excerpt":{"rendered":"<p>Die EKD setze sich f\u00fcr den Schutz des Lebens ein und stehe dabei auch an der Seite derer, die aufgrund<\/p>\n","protected":false},"author":1,"featured_media":2789,"comment_status":"closed","ping_status":"closed","sticky":false,"template":"","format":"standard","meta":{"footnotes":""},"categories":[20],"tags":[],"_links":{"self":[{"href":"https:\/\/krankenhauspfarramt.de\/index.php\/wp-json\/wp\/v2\/posts\/2788"}],"collection":[{"href":"https:\/\/krankenhauspfarramt.de\/index.php\/wp-json\/wp\/v2\/posts"}],"about":[{"href":"https:\/\/krankenhauspfarramt.de\/index.php\/wp-json\/wp\/v2\/types\/post"}],"author":[{"embeddable":true,"href":"https:\/\/krankenhauspfarramt.de\/index.php\/wp-json\/wp\/v2\/users\/1"}],"replies":[{"embeddable":true,"href":"https:\/\/krankenhauspfarramt.de\/index.php\/wp-json\/wp\/v2\/comments?post=2788"}],"version-history":[{"count":1,"href":"https:\/\/krankenhauspfarramt.de\/index.php\/wp-json\/wp\/v2\/posts\/2788\/revisions"}],"predecessor-version":[{"id":2790,"href":"https:\/\/krankenhauspfarramt.de\/index.php\/wp-json\/wp\/v2\/posts\/2788\/revisions\/2790"}],"wp:featuredmedia":[{"embeddable":true,"href":"https:\/\/krankenhauspfarramt.de\/index.php\/wp-json\/wp\/v2\/media\/2789"}],"wp:attachment":[{"href":"https:\/\/krankenhauspfarramt.de\/index.php\/wp-json\/wp\/v2\/media?parent=2788"}],"wp:term":[{"taxonomy":"category","embeddable":true,"href":"https:\/\/krankenhauspfarramt.de\/index.php\/wp-json\/wp\/v2\/categories?post=2788"},{"taxonomy":"post_tag","embeddable":true,"href":"https:\/\/krankenhauspfarramt.de\/index.php\/wp-json\/wp\/v2\/tags?post=2788"}],"curies":[{"name":"wp","href":"https:\/\/api.w.org\/{rel}","templated":true}]}}