{"id":2791,"date":"2021-01-13T16:08:00","date_gmt":"2021-01-13T16:08:00","guid":{"rendered":"https:\/\/krankenhauspfarramt.de\/index.php\/2021\/01\/13\/bedford-strohm-kritisiert-erneut-blockade-von-rettungsschiffen-ekd\/"},"modified":"2021-01-13T16:08:03","modified_gmt":"2021-01-13T16:08:03","slug":"bedford-strohm-kritisiert-erneut-blockade-von-rettungsschiffen-ekd","status":"publish","type":"post","link":"https:\/\/krankenhauspfarramt.de\/index.php\/2021\/01\/13\/bedford-strohm-kritisiert-erneut-blockade-von-rettungsschiffen-ekd\/","title":{"rendered":"Bedford-Strohm kritisiert erneut Blockade von Rettungsschiffen \u2013 EKD"},"content":{"rendered":"<p> <br \/>\n<\/p>\n<div>\n<p>Zur gesunkenen Zahl an Asylantr\u00e4gen in Deutschland im vergangenen Jahr sagte Bedford-Strohm, das sei f\u00fcr ihn nicht der richtige Weg. Es sei eine Schande, dass Europa die erb\u00e4rmlichen Umst\u00e4nde in Fl\u00fcchtlingslagern wie auf der griechischen Insel Lesbos und im bosnischen Camp Lipa zulasse. \u201eWenn Fl\u00fcchtlingszahlen in Europa nicht durch die Beseitigung der Not, sondern aufgrund von Abschreckung durch menschenunw\u00fcrdige Zust\u00e4nde gesenkt werden, dann ist das kein Erfolg, sondern eine moralische Bankrotterkl\u00e4rung.\u201c<\/p>\n<p>Nach der vom Bundesinnenministerium in Berlin ver\u00f6ffentlichten Asylstatistik wurden im vergangenen Jahr gut 76.000 Erstantr\u00e4ge von Einreisenden auf Schutz in Deutschland gestellt, fast ein Drittel (31,5 Prozent) weniger als im Vorjahr. Bundesinnenminister Horst Seehofer (CSU) hatte die Zahl mit den Worten kommentiert, die Ma\u00dfnahmen zur Steuerung der Migration wirkten, \u201ewir sind auf dem richtigen Weg\u201c.<\/p>\n<p>Zusammen mit Vertretern der Friedrich-Ebert-Stiftung und der Arbeiterwohlfahrt (AWO) betonte Bedford-Strohm, das Thema Migration und Flucht m\u00fcsse trotz Corona-Pandemie wieder in den politischen Fokus. Um das zu erreichen pl\u00e4diere er f\u00fcr eine Zusammenarbeit und f\u00fcr mehr mediale Aktivit\u00e4t, sagte der Pr\u00e4sident des AWO-Bundesverbandes, Wilhelm Schmidt.<\/p>\n<p>Das Symposium sollte an Heinrich Albertz (1915-1993) erinnern. Der evangelische Theologe und SPD-Politiker war als Nachfolger von Willy Brandt Regierender B\u00fcrgermeister von Berlin. Albertz z\u00e4hlte zu den Vordenkern der Friedensbewegung und war zwischen 1949 und 1965 Bundesvorsitzender der Arbeiterwohlfahrt. Organisatoren des Abends waren neben der Bremischen Evangelischen Kirche der Bremer AWO-Landesverband und die Friedrich-Ebert-Stiftung.<\/p>\n<\/p><\/div>\n","protected":false},"excerpt":{"rendered":"<p>Zur gesunkenen Zahl an Asylantr\u00e4gen in Deutschland im vergangenen Jahr sagte Bedford-Strohm, das sei f\u00fcr ihn nicht der richtige Weg.<\/p>\n","protected":false},"author":1,"featured_media":2792,"comment_status":"closed","ping_status":"closed","sticky":false,"template":"","format":"standard","meta":{"footnotes":""},"categories":[20],"tags":[],"_links":{"self":[{"href":"https:\/\/krankenhauspfarramt.de\/index.php\/wp-json\/wp\/v2\/posts\/2791"}],"collection":[{"href":"https:\/\/krankenhauspfarramt.de\/index.php\/wp-json\/wp\/v2\/posts"}],"about":[{"href":"https:\/\/krankenhauspfarramt.de\/index.php\/wp-json\/wp\/v2\/types\/post"}],"author":[{"embeddable":true,"href":"https:\/\/krankenhauspfarramt.de\/index.php\/wp-json\/wp\/v2\/users\/1"}],"replies":[{"embeddable":true,"href":"https:\/\/krankenhauspfarramt.de\/index.php\/wp-json\/wp\/v2\/comments?post=2791"}],"version-history":[{"count":1,"href":"https:\/\/krankenhauspfarramt.de\/index.php\/wp-json\/wp\/v2\/posts\/2791\/revisions"}],"predecessor-version":[{"id":2793,"href":"https:\/\/krankenhauspfarramt.de\/index.php\/wp-json\/wp\/v2\/posts\/2791\/revisions\/2793"}],"wp:featuredmedia":[{"embeddable":true,"href":"https:\/\/krankenhauspfarramt.de\/index.php\/wp-json\/wp\/v2\/media\/2792"}],"wp:attachment":[{"href":"https:\/\/krankenhauspfarramt.de\/index.php\/wp-json\/wp\/v2\/media?parent=2791"}],"wp:term":[{"taxonomy":"category","embeddable":true,"href":"https:\/\/krankenhauspfarramt.de\/index.php\/wp-json\/wp\/v2\/categories?post=2791"},{"taxonomy":"post_tag","embeddable":true,"href":"https:\/\/krankenhauspfarramt.de\/index.php\/wp-json\/wp\/v2\/tags?post=2791"}],"curies":[{"name":"wp","href":"https:\/\/api.w.org\/{rel}","templated":true}]}}