{"id":2794,"date":"2021-01-13T20:11:28","date_gmt":"2021-01-13T20:11:28","guid":{"rendered":"https:\/\/krankenhauspfarramt.de\/index.php\/2021\/01\/13\/gebetstag-eins-fuer-einheit-der-christen-am-samstag-ekd\/"},"modified":"2021-01-13T20:11:29","modified_gmt":"2021-01-13T20:11:29","slug":"gebetstag-eins-fuer-einheit-der-christen-am-samstag-ekd","status":"publish","type":"post","link":"https:\/\/krankenhauspfarramt.de\/index.php\/2021\/01\/13\/gebetstag-eins-fuer-einheit-der-christen-am-samstag-ekd\/","title":{"rendered":"Gebetstag \u201eEINS\u201c f\u00fcr Einheit der Christen am Samstag \u2013 EKD"},"content":{"rendered":"<p> <br \/>\n<\/p>\n<div id=\"\">\n<p>Bad Blankenburg\/Berlin (epd). Erstmals werden sich die Arbeitsgemeinschaft Christlicher Kirchen (ACK) und die Evangelische Allianz in Deutschland am Samstag mit einem gemeinsamen Gebetstag f\u00fcr die Einheit der Christen einsetzen. Im Rahmen des Gebetstages &#8222;EINS&#8220; soll ab 16 Uhr im Berliner Dom ein Zeichen der Verbundenheit gesetzt werden, wie die Evangelische Allianz am Dienstag im th\u00fcringischen Bad Blankenburg mitteilte. Der Vorsitzende der Evangelischen Allianz, Ekkehart Vetter, und der Vorsitzende der ACK, Erzpriester Radu Constantin Miron, sollen dort gemeinsam beten.<\/p>\n<\/div>\n<div id=\"\">\n<p>Anlass sind die beiden Gebetswochen im Januar. Die Gebetswoche f\u00fcr die Einheit der Christen, die seit dem 19. Jahrhundert im Januar begangen wird, und die Gebetswoche der Evangelischen Allianz, die 2021 ihren 175. Geburtstag feiert, folgen aufeinander. Die Allianzgebetswoche l\u00e4uft noch bis zum 17. Januar, die <strong>Gebetswoche f\u00fcr die Einheit der Christen<\/strong> findet vom <strong>18. bis 25. Januar<\/strong> statt.\u00a0<\/p>\n<p>Die Evangelische Allianz ist ein Netzwerk, zu dem mehr als eine Million evangelikaler Christen aus Landes- und Freikirchen geh\u00f6ren. Gegr\u00fcndet wurde sie 1846 in London. In Deutschland gibt es rund 1.000 \u00f6rtliche Allianzgruppen. Die 1948 gegr\u00fcndete Arbeitsgemeinschaft Christlicher Kirchen in Deutschland hat zurzeit 17 Mitgliedskirchen und acht Gastmitglieder.<\/p>\n<hr\/>\n<p><strong>Der Gebetstag EINS<\/strong> wird live \u00fcbertragen am 16. Januar 2021, 16 bis 18 Uhr.<\/p>\n<\/div>\n<div id=\"\">\n<div class=\"article--downloads download\">\n<figure class=\"image image__float\" style=\"z-index: 4; position: relative;\"><picture><source srcset=\"https:\/\/ekd.de\/ekd_de\/ds_img\/assets_789_x\/20210113-screenshot-eins-600_rdax_263x148_60.jpg 1x, https:\/\/ekd.de\/ekd_de\/ds_img\/assets_789_x\/20210113-screenshot-eins-600_rdax_526x296_60.jpg 2x, https:\/\/ekd.de\/ekd_de\/ds_img\/assets_789_x\/20210113-screenshot-eins-600_rdax_60.jpg 3x\"><\/source><\/picture>\n<\/figure>\n<p><h3 class=\"primus--sub-headline\">Gebetstag EINS <\/h3>\n<\/p>\n<p>N\u00e4here Informationen hier: www.einsfuerberlin.de. Eine Teilnahme ist nur \u00fcber den Online-Stream m\u00f6glich.<\/p>\n<p>\u00a0<\/p>\n<\/p><\/div>\n<\/div>\n","protected":false},"excerpt":{"rendered":"<p>Bad Blankenburg\/Berlin (epd). Erstmals werden sich die Arbeitsgemeinschaft Christlicher Kirchen (ACK) und die Evangelische Allianz in Deutschland am Samstag mit<\/p>\n","protected":false},"author":1,"featured_media":2795,"comment_status":"closed","ping_status":"closed","sticky":false,"template":"","format":"standard","meta":{"footnotes":""},"categories":[20],"tags":[],"_links":{"self":[{"href":"https:\/\/krankenhauspfarramt.de\/index.php\/wp-json\/wp\/v2\/posts\/2794"}],"collection":[{"href":"https:\/\/krankenhauspfarramt.de\/index.php\/wp-json\/wp\/v2\/posts"}],"about":[{"href":"https:\/\/krankenhauspfarramt.de\/index.php\/wp-json\/wp\/v2\/types\/post"}],"author":[{"embeddable":true,"href":"https:\/\/krankenhauspfarramt.de\/index.php\/wp-json\/wp\/v2\/users\/1"}],"replies":[{"embeddable":true,"href":"https:\/\/krankenhauspfarramt.de\/index.php\/wp-json\/wp\/v2\/comments?post=2794"}],"version-history":[{"count":1,"href":"https:\/\/krankenhauspfarramt.de\/index.php\/wp-json\/wp\/v2\/posts\/2794\/revisions"}],"predecessor-version":[{"id":2796,"href":"https:\/\/krankenhauspfarramt.de\/index.php\/wp-json\/wp\/v2\/posts\/2794\/revisions\/2796"}],"wp:featuredmedia":[{"embeddable":true,"href":"https:\/\/krankenhauspfarramt.de\/index.php\/wp-json\/wp\/v2\/media\/2795"}],"wp:attachment":[{"href":"https:\/\/krankenhauspfarramt.de\/index.php\/wp-json\/wp\/v2\/media?parent=2794"}],"wp:term":[{"taxonomy":"category","embeddable":true,"href":"https:\/\/krankenhauspfarramt.de\/index.php\/wp-json\/wp\/v2\/categories?post=2794"},{"taxonomy":"post_tag","embeddable":true,"href":"https:\/\/krankenhauspfarramt.de\/index.php\/wp-json\/wp\/v2\/tags?post=2794"}],"curies":[{"name":"wp","href":"https:\/\/api.w.org\/{rel}","templated":true}]}}