{"id":2798,"date":"2021-01-14T12:23:44","date_gmt":"2021-01-14T12:23:44","guid":{"rendered":"https:\/\/krankenhauspfarramt.de\/index.php\/2021\/01\/14\/assistierter-suizid-ist-kein-weg-ekd\/"},"modified":"2021-01-14T12:23:45","modified_gmt":"2021-01-14T12:23:45","slug":"assistierter-suizid-ist-kein-weg-ekd","status":"publish","type":"post","link":"https:\/\/krankenhauspfarramt.de\/index.php\/2021\/01\/14\/assistierter-suizid-ist-kein-weg-ekd\/","title":{"rendered":"\u201eAssistierter Suizid ist kein Weg\u201c \u2013 EKD"},"content":{"rendered":"<p> <br \/>\n<\/p>\n<div id=\"\">\n<p>Stuttgart (epd). Der Theologe Dieter Kaufmann, Mitglied des Rates der Evangelischen Kirche in Deutschland (EKD) und ehemaliger Vorstandsvorsitzender der w\u00fcrttembergischen Diakonie, warnt davor, Suizidassistenz in kirchlich-diakonischen Einrichtungen zuzulassen. Kaufmann sagte dem Evangelischen Pressedienst (epd), er k\u00f6nne sich einem entsprechenden Vorschlag des Pr\u00e4sidenten der Diakonie Deutschland, Ulrich Lilie, nicht anschlie\u00dfen.<\/p>\n<p>\u201eAls Kirche sehen wir im Selbstbestimmungsrecht ein hohes Gut\u201c, sagte Kaufmann. Unterst\u00fctzung f\u00fcr Menschen in der Sterbephase k\u00f6nnten etwa palliative Sedierung, Sterbefasten und andere palliative Begleitung sein. \u201eAber assistierter Suizid ist kein Weg, den wir in unseren kirchlich-diakonischen Einrichtungen unterst\u00fctzen k\u00f6nnen\u201c, betonte Kaufmann. Selbstbestimmung im Sterben sei in anderen Formen m\u00f6glich.<\/p>\n<p>Aus christlicher Sicht sei \u201edie Grundlinie der Schutz des Lebens, egal ob k\u00f6rperlich behindert oder psychisch krank oder alt\u201c. Es gebe durchaus ein Dilemma, n\u00e4mlich eine f\u00fcr den Betroffenen existenzielle Not. Und dann stehe die Frage im Raum, wie man damit umgehen k\u00f6nne. Wenn kirchlich-diakonische Einrichtungen dann assistierten Suizid als M\u00f6glichkeit in Erw\u00e4gung z\u00f6gen, best\u00fcnde die Gefahr, \u201edass dieser Weg letztendlich zum gesellschaftlich akzeptierten Weg des Sterbens wird\u201c, sagte der Theologe, der im vergangenen Jahr als Vorstandsvorsitzender des Diakonischen Werkes der evangelischen Kirche in W\u00fcrttemberg in den Ruhestand gegangen ist. Es gebe \u201edahingehend manchmal einen hohen Druck, teilweise auch aus wirtschaftlichen Gr\u00fcnden\u201c.<\/p>\n<\/div>\n<div id=\"\"><!-- SRC:  --><\/p>\n<aside class=\"article--aside quintus teaser teaser__related rs_skip rs_preserve\">\n<div class=\"teaser--article teaser--content\">\n<figure class=\"teaser--image\"><picture><source media=\"(max-width:935px)\" srcset=\"https:\/\/ekd.de\/ekd_de\/ds_img\/assets_2835_x\/20180322_Lena_Gerlach_Aktuelles_EKD_2835_rdax_945x532.jpg 1x, https:\/\/ekd.de\/ekd_de\/ds_img\/assets_2835_x\/20180322_Lena_Gerlach_Aktuelles_EKD_2835_rdax_1890x1064.jpg 2x, https:\/\/ekd.de\/ekd_de\/ds_img\/assets_2835_x\/20180322_Lena_Gerlach_Aktuelles_EKD_2835.jpg 3x\"><source media=\"(min-width:934px)\" srcset=\"https:\/\/ekd.de\/ekd_de\/ds_img\/assets_2835_x\/20180322_Lena_Gerlach_Aktuelles_EKD_2835_rdax_945x532.jpg 1x, https:\/\/ekd.de\/ekd_de\/ds_img\/assets_2835_x\/20180322_Lena_Gerlach_Aktuelles_EKD_2835_rdax_1890x1064.jpg 2x, https:\/\/ekd.de\/ekd_de\/ds_img\/assets_2835_x\/20180322_Lena_Gerlach_Aktuelles_EKD_2835.jpg 3x\"><\/source><\/source><\/picture><figcaption\/><\/figure>\n<p class=\"quintus--text teaser--text\">Stellungnahme zu einer Anfrage des Bundesgesundheitsministers zur Regulierung der Suizidassistenz im Anschluss an das Urteil des Bundesverfassungsgerichts zu \u00a7 217 StGB<\/p>\n<\/p><\/div>\n<\/aside>\n<div class=\"article--content\">\n<p>Hochrangige evangelische Theologen &#8211; darunter auch Diakonie-Pr\u00e4sident Lilie &#8211; hatten sich in einer Stellungnahme f\u00fcr die M\u00f6glichkeit von Sterbehilfe in kirchlich-diakonischen Einrichtungen ausgesprochen. Die Einrichtungen sollten eine bestm\u00f6gliche medizinische und pflegerische Palliativversorgung sicherstellen, hei\u00dft es darin. Zugleich d\u00fcrften sie sich aber dem freiverantwortlichen Wunsch einer Person nicht verweigern, ihrem Leben mit \u00e4rztlicher Hilfe ein Ende zu setzen. Offiziell wird in der evangelischen sowie in der katholischen Kirche die M\u00f6glichkeit zur Suizidassistenz abgelehnt.<\/p>\n<p>Kaufmann sagte, Diakonie und Kirche s\u00e4hen durchaus den Menschen in seiner Not, und es werde wohl auch Ausnahmen geben m\u00fcssen, \u201edie man kl\u00e4ren muss\u201c. Assistierter Suizid habe aber nichts mit Selbstbestimmung zu tun, sondern resultiere aus empfundener Ausweglosigkeit. Deshalb braucht es aus seiner Sicht \u201everst\u00e4rkt Informationen und vertiefte Beratung, und es sind Schutzkonzepte n\u00f6tig\u201c.<\/p>\n<p>Ausl\u00f6ser f\u00fcr die Debatte \u00fcber Sterbehilfe ist ein Urteil des Bundesverfassungsgerichts aus dem vergangenen Februar. Die Verfassungsrichter hatten den Klagen von Sterbehilfeorganisationen, \u00c4rzten und Einzelpersonen Recht gegeben, die sich gegen das 2015 verabschiedete Verbot organisierter &#8211; sogenannter gesch\u00e4ftsm\u00e4\u00dfiger &#8211; Hilfe bei der Selbstt\u00f6tung richteten. Die Karlsruher Richter erkl\u00e4rten das entsprechende Gesetz f\u00fcr nichtig und begr\u00fcndeten das mit dem Recht auf selbstbestimmtes Sterben, das auch Dritten die Assistenz beim Suizid erlaube.<\/p>\n<p style=\"text-align:right\"><em>epd-Gespr\u00e4ch: Susanne M\u00fcller<\/em><\/p>\n<p style=\"text-align:right\">\u00a0<\/p>\n<p>\u00d6kumenische Initiative \u201eWoche f\u00fcr das Leben 2021: Leben im Sterben&#8220;<\/p>\n<\/p><\/div>\n<\/div>\n","protected":false},"excerpt":{"rendered":"<p>Stuttgart (epd). Der Theologe Dieter Kaufmann, Mitglied des Rates der Evangelischen Kirche in Deutschland (EKD) und ehemaliger Vorstandsvorsitzender der w\u00fcrttembergischen<\/p>\n","protected":false},"author":1,"featured_media":2799,"comment_status":"closed","ping_status":"closed","sticky":false,"template":"","format":"standard","meta":{"footnotes":""},"categories":[20],"tags":[],"_links":{"self":[{"href":"https:\/\/krankenhauspfarramt.de\/index.php\/wp-json\/wp\/v2\/posts\/2798"}],"collection":[{"href":"https:\/\/krankenhauspfarramt.de\/index.php\/wp-json\/wp\/v2\/posts"}],"about":[{"href":"https:\/\/krankenhauspfarramt.de\/index.php\/wp-json\/wp\/v2\/types\/post"}],"author":[{"embeddable":true,"href":"https:\/\/krankenhauspfarramt.de\/index.php\/wp-json\/wp\/v2\/users\/1"}],"replies":[{"embeddable":true,"href":"https:\/\/krankenhauspfarramt.de\/index.php\/wp-json\/wp\/v2\/comments?post=2798"}],"version-history":[{"count":1,"href":"https:\/\/krankenhauspfarramt.de\/index.php\/wp-json\/wp\/v2\/posts\/2798\/revisions"}],"predecessor-version":[{"id":2800,"href":"https:\/\/krankenhauspfarramt.de\/index.php\/wp-json\/wp\/v2\/posts\/2798\/revisions\/2800"}],"wp:featuredmedia":[{"embeddable":true,"href":"https:\/\/krankenhauspfarramt.de\/index.php\/wp-json\/wp\/v2\/media\/2799"}],"wp:attachment":[{"href":"https:\/\/krankenhauspfarramt.de\/index.php\/wp-json\/wp\/v2\/media?parent=2798"}],"wp:term":[{"taxonomy":"category","embeddable":true,"href":"https:\/\/krankenhauspfarramt.de\/index.php\/wp-json\/wp\/v2\/categories?post=2798"},{"taxonomy":"post_tag","embeddable":true,"href":"https:\/\/krankenhauspfarramt.de\/index.php\/wp-json\/wp\/v2\/tags?post=2798"}],"curies":[{"name":"wp","href":"https:\/\/api.w.org\/{rel}","templated":true}]}}