{"id":2801,"date":"2021-01-14T16:25:42","date_gmt":"2021-01-14T16:25:42","guid":{"rendered":"https:\/\/krankenhauspfarramt.de\/index.php\/2021\/01\/14\/gebetswoche-fuer-die-einheit-der-christen-ekd\/"},"modified":"2021-01-14T16:25:44","modified_gmt":"2021-01-14T16:25:44","slug":"gebetswoche-fuer-die-einheit-der-christen-ekd","status":"publish","type":"post","link":"https:\/\/krankenhauspfarramt.de\/index.php\/2021\/01\/14\/gebetswoche-fuer-die-einheit-der-christen-ekd\/","title":{"rendered":"Gebetswoche f\u00fcr die Einheit der Christen \u2013 EKD"},"content":{"rendered":"<p> <br \/>\n<\/p>\n<div>\n<p>Die Gebetswoche bildet in diesem Jahr zugleich den Auftakt zum \u201eJahr der \u00d6kumene 2021\/2022\u201c, das die Arbeitsgemeinschaft Christlicher Kirchen in Deutschland (ACK) in Deutschland ausgerufen hat. F\u00fcr 2021 und 2022 sind mehrere regionale und deutschlandweite Projekte geplant, die das \u00f6kumenische Zusammenleben in Deutschland st\u00e4rken sollen. Um den anstehenden Gottesdiensten, theologischen Diskursen, Festen und Begegnungen einen Rahmen zu geben, hat die ACK das \u201eJahr der \u00d6kumene 2021\/2022\u201c ausgerufen.<\/p>\n<p>Weltweit wird die Gebetswoche jedes Jahr entweder vom 18. bis 25. Januar oder in der Zeit von Christi Himmelfahrt bis Pfingsten gefeiert. Ihre Urspr\u00fcnge gehen bis in das 19. Jahrhundert zur\u00fcck. Seit 1968 wird die Gebetswoche gemeinsam mit dem P\u00e4pstlichen Rat zur F\u00f6rderung der Einheit der Christen und dem \u00d6kumenischen Rat der Kirchen verantwortet.<\/p>\n<p>Die ACK wurde 1948 gegr\u00fcndet und hat ihren Sitz in Frankfurt\/Main. Ihr geh\u00f6ren 17 Kirchen mit rund 50 Millionen Christen an. Weitere acht Kirchen sind Gastmitglieder, f\u00fcnf \u00f6kumenische Organisationen haben Beobachterstatus.<\/p>\n<hr\/>\n<p>Der Gottesdienst am 24. Januar kann live verfolgt werden. Eine Teilnahme ist nur nach Anmeldung bis 17. Januar unter www.gebetswoche.de m\u00f6glich.<\/p>\n<p>Informationen unter: www.oekumene-ack.de und unter www.gebetswoche.de.<\/p>\n<\/p><\/div>\n","protected":false},"excerpt":{"rendered":"<p>Die Gebetswoche bildet in diesem Jahr zugleich den Auftakt zum \u201eJahr der \u00d6kumene 2021\/2022\u201c, das die Arbeitsgemeinschaft Christlicher Kirchen in<\/p>\n","protected":false},"author":1,"featured_media":2802,"comment_status":"closed","ping_status":"closed","sticky":false,"template":"","format":"standard","meta":{"footnotes":""},"categories":[20],"tags":[],"_links":{"self":[{"href":"https:\/\/krankenhauspfarramt.de\/index.php\/wp-json\/wp\/v2\/posts\/2801"}],"collection":[{"href":"https:\/\/krankenhauspfarramt.de\/index.php\/wp-json\/wp\/v2\/posts"}],"about":[{"href":"https:\/\/krankenhauspfarramt.de\/index.php\/wp-json\/wp\/v2\/types\/post"}],"author":[{"embeddable":true,"href":"https:\/\/krankenhauspfarramt.de\/index.php\/wp-json\/wp\/v2\/users\/1"}],"replies":[{"embeddable":true,"href":"https:\/\/krankenhauspfarramt.de\/index.php\/wp-json\/wp\/v2\/comments?post=2801"}],"version-history":[{"count":1,"href":"https:\/\/krankenhauspfarramt.de\/index.php\/wp-json\/wp\/v2\/posts\/2801\/revisions"}],"predecessor-version":[{"id":2803,"href":"https:\/\/krankenhauspfarramt.de\/index.php\/wp-json\/wp\/v2\/posts\/2801\/revisions\/2803"}],"wp:featuredmedia":[{"embeddable":true,"href":"https:\/\/krankenhauspfarramt.de\/index.php\/wp-json\/wp\/v2\/media\/2802"}],"wp:attachment":[{"href":"https:\/\/krankenhauspfarramt.de\/index.php\/wp-json\/wp\/v2\/media?parent=2801"}],"wp:term":[{"taxonomy":"category","embeddable":true,"href":"https:\/\/krankenhauspfarramt.de\/index.php\/wp-json\/wp\/v2\/categories?post=2801"},{"taxonomy":"post_tag","embeddable":true,"href":"https:\/\/krankenhauspfarramt.de\/index.php\/wp-json\/wp\/v2\/tags?post=2801"}],"curies":[{"name":"wp","href":"https:\/\/api.w.org\/{rel}","templated":true}]}}