{"id":2804,"date":"2021-01-15T00:33:58","date_gmt":"2021-01-15T00:33:58","guid":{"rendered":"https:\/\/krankenhauspfarramt.de\/index.php\/2021\/01\/15\/ekd-ratsvorsitzender-gratuliert-thorsten-latzel-zur-wahl-zum-neuen-rheinischen-praeses-ekd\/"},"modified":"2021-01-15T00:33:59","modified_gmt":"2021-01-15T00:33:59","slug":"ekd-ratsvorsitzender-gratuliert-thorsten-latzel-zur-wahl-zum-neuen-rheinischen-praeses-ekd","status":"publish","type":"post","link":"https:\/\/krankenhauspfarramt.de\/index.php\/2021\/01\/15\/ekd-ratsvorsitzender-gratuliert-thorsten-latzel-zur-wahl-zum-neuen-rheinischen-praeses-ekd\/","title":{"rendered":"EKD-Ratsvorsitzender gratuliert Thorsten Latzel zur Wahl zum neuen rheinischen Pr\u00e4ses \u2013 EKD"},"content":{"rendered":"<p> <br \/>\n<\/p>\n<div id=\"\">\n<p>D\u00fcsseldorf (epd). Der Ratsvorsitzende der Evangelischen Kirche in Deutschland (EKD), Landesbischof Heinrich Bedford-Strohm hat\u00a0Thorsten Latzel zur Wahl zum Pr\u00e4ses der Evangelischen Kirche im Rheinland gratuliert:\u00a0&#8222;Seine bisherige Arbeit ist gepr\u00e4gt von vielf\u00e4ltigen Impulsen und guten Ideen zu den notwendigen Reformprozessen in der evangelischen Kirche. Von daher wird er sich in den aktuellen Zukunftsprozessen der Landeskirche mit klarer Position einbringen und diese gut begleiten. Ich freue mich auf die Zusammenarbeit in der EKD.\u201c\u00a0 Die rheinische Landessynode w\u00e4hlte den 50-j\u00e4hrigen Direktor der Evangelischen Akademie Frankfurt am Donnerstag f\u00fcr acht Jahre zum leitenden Geistlichen der zweitgr\u00f6\u00dften deutschen Landeskirche mit 2,4 Millionen Mitgliedern. Er tritt die Nachfolge von Manfred Rekowski an, der nach achtj\u00e4hriger Amtszeit im M\u00e4rz in den Ruhestand geht.<\/p>\n<p>Latzel setzte sich im ersten Wahlgang mit 113 von 190 Stimmen gegen den aus Bayern stammenden Theologieprofessor Reiner Knieling (57) und die Superintendentin des Kirchenkreises An Sieg und Rhein, Almut van Niekerk (53), durch. Er sagte in seiner Vorstellungsrede, er brenne f\u00fcr die evangelische Kirche als weltoffene Gemeinschaft mit einem freien Glauben, der mit einer hohen sozialen Verantwortung einhergehe: &#8222;Unsere Aufgabe ist es, als Kirche Ort der Hoffnung f\u00fcr die Welt zu sein.&#8220; Zu den Aufgaben geh\u00f6re aber auch, kirchliche Strukturen umzubauen, weil die Kirche in den kommenden Jahren &#8222;weniger, \u00e4lter und \u00e4rmer&#8220; werde.<\/p>\n<\/div>\n<div id=\"\"><!-- SRC:  --><\/p>\n<aside class=\"article--aside quintus teaser teaser__related rs_skip rs_preserve\">\n<div class=\"teaser--article teaser--content\">\n<figure class=\"teaser--image\"><picture><source media=\"(max-width:935px)\" srcset=\"https:\/\/ekd.de\/ekd_de\/ds_img\/assets_1875_x\/ekd_kircheistzukunft_keyvisual_landingpage_header_1875x1056px_rdax_625x352_60.jpg 1x, https:\/\/ekd.de\/ekd_de\/ds_img\/assets_1875_x\/ekd_kircheistzukunft_keyvisual_landingpage_header_1875x1056px_rdax_1250x704_60.jpg 2x, https:\/\/ekd.de\/ekd_de\/ds_img\/assets_1875_x\/ekd_kircheistzukunft_keyvisual_landingpage_header_1875x1056px_rdax_60.jpg 3x\"><source media=\"(min-width:934px)\" srcset=\"https:\/\/ekd.de\/ekd_de\/ds_img\/assets_1875_x\/ekd_kircheistzukunft_keyvisual_landingpage_header_1875x1056px_rdax_360x203_70.jpg 1x, https:\/\/ekd.de\/ekd_de\/ds_img\/assets_1875_x\/ekd_kircheistzukunft_keyvisual_landingpage_header_1875x1056px_rdax_720x406_70.jpg 2x, https:\/\/ekd.de\/ekd_de\/ds_img\/assets_1875_x\/ekd_kircheistzukunft_keyvisual_landingpage_header_1875x1056px_rdax_1080x608_70.jpg 3x\"><\/source><\/source><\/picture><figcaption\/><\/figure>\n<p class=\"quintus--text teaser--text\">Die Botschaft von der Liebe Gottes steht im Zentrum der evangelischen Kirche: Glaube zu leben und weiterzugeben, macht sie aus. In einer sich wandelnden, durch Digitalisierung, Pluralisierung und Individualisierung gepr\u00e4gten Gesellschaft gelingt das nur, wenn sich auch die Kirche ver\u00e4ndert. Sie muss offen, flexibel und zeitgem\u00e4\u00df organisiert sein. Daf\u00fcr will die Evangelische Kirche in Deutschland (EKD) organisatorisch und strukturell neue Impulse setzen.<\/p>\n<\/p><\/div>\n<\/aside>\n<div class=\"article--content\">\n<p>Seit 2013 leitet er die Evangelische Akademie in Frankfurt, die 2017 konzeptionell neu aufgestellt wurde. Der in Darmstadt lebende Theologe ist Mitglied der EKD-Bildungskammer und ver\u00f6ffentlicht im Blog &#8222;glauben-denken.de&#8220; regelm\u00e4\u00dfig theologisch-essayistische Impulse. Er ist verheiratet und Vater von drei Kindern. Von der fundamentalistisch-konservativen Haltung seines Bruders Olaf, der k\u00fcrzlich vom Bremer Amtsgericht wegen Volksverhetzung verurteilt wurde, distanziert sich Thorsten Latzel vehement.<\/p>\n<p>Die rheinische Kirche umfasst 37 Kirchenkreise mit 655 Gemeinden und erstreckt sich \u00fcber Teile von Nordrhein-Westfalen, Rheinland-Pfalz, Hessen und dem Saarland. Der Pr\u00e4ses vertritt die Landeskirche nach au\u00dfen und ist Vorsitzender der Landessynode und der Kirchenleitung sowie Chef des Kollegiums im Landeskirchenamt.<\/p>\n<p><strong>Evangelische\u00a0Kirche im Rheinland (EKiR)<\/strong><\/p>\n<\/p><\/div>\n<\/div>\n","protected":false},"excerpt":{"rendered":"<p>D\u00fcsseldorf (epd). Der Ratsvorsitzende der Evangelischen Kirche in Deutschland (EKD), Landesbischof Heinrich Bedford-Strohm hat\u00a0Thorsten Latzel zur Wahl zum Pr\u00e4ses der<\/p>\n","protected":false},"author":1,"featured_media":2805,"comment_status":"closed","ping_status":"closed","sticky":false,"template":"","format":"standard","meta":{"footnotes":""},"categories":[20],"tags":[],"_links":{"self":[{"href":"https:\/\/krankenhauspfarramt.de\/index.php\/wp-json\/wp\/v2\/posts\/2804"}],"collection":[{"href":"https:\/\/krankenhauspfarramt.de\/index.php\/wp-json\/wp\/v2\/posts"}],"about":[{"href":"https:\/\/krankenhauspfarramt.de\/index.php\/wp-json\/wp\/v2\/types\/post"}],"author":[{"embeddable":true,"href":"https:\/\/krankenhauspfarramt.de\/index.php\/wp-json\/wp\/v2\/users\/1"}],"replies":[{"embeddable":true,"href":"https:\/\/krankenhauspfarramt.de\/index.php\/wp-json\/wp\/v2\/comments?post=2804"}],"version-history":[{"count":1,"href":"https:\/\/krankenhauspfarramt.de\/index.php\/wp-json\/wp\/v2\/posts\/2804\/revisions"}],"predecessor-version":[{"id":2806,"href":"https:\/\/krankenhauspfarramt.de\/index.php\/wp-json\/wp\/v2\/posts\/2804\/revisions\/2806"}],"wp:featuredmedia":[{"embeddable":true,"href":"https:\/\/krankenhauspfarramt.de\/index.php\/wp-json\/wp\/v2\/media\/2805"}],"wp:attachment":[{"href":"https:\/\/krankenhauspfarramt.de\/index.php\/wp-json\/wp\/v2\/media?parent=2804"}],"wp:term":[{"taxonomy":"category","embeddable":true,"href":"https:\/\/krankenhauspfarramt.de\/index.php\/wp-json\/wp\/v2\/categories?post=2804"},{"taxonomy":"post_tag","embeddable":true,"href":"https:\/\/krankenhauspfarramt.de\/index.php\/wp-json\/wp\/v2\/tags?post=2804"}],"curies":[{"name":"wp","href":"https:\/\/api.w.org\/{rel}","templated":true}]}}