{"id":2822,"date":"2021-01-22T04:13:20","date_gmt":"2021-01-22T04:13:20","guid":{"rendered":"https:\/\/krankenhauspfarramt.de\/index.php\/2021\/01\/22\/kirchen-starten-oekumenisches-netzwerk-mobilitaet-kirche-ekd\/"},"modified":"2021-01-22T04:13:22","modified_gmt":"2021-01-22T04:13:22","slug":"kirchen-starten-oekumenisches-netzwerk-mobilitaet-kirche-ekd","status":"publish","type":"post","link":"https:\/\/krankenhauspfarramt.de\/index.php\/2021\/01\/22\/kirchen-starten-oekumenisches-netzwerk-mobilitaet-kirche-ekd\/","title":{"rendered":"Kirchen starten \u00f6kumenisches Netzwerk \u201eMobilit\u00e4t &#038; Kirche\u201c \u2013 EKD"},"content":{"rendered":"<p> <br \/>\n<\/p>\n<div>\n<p>Der Leiter der Unterabteilung Klimaschutzpolitik im Bundesumweltministerium, Berthold Goeke, hob den Pilotcharakter des neuen kirchlichen Mobilit\u00e4tsnetzwerks hervor. Der Verkehrssektor sei in nicht unerheblichem Ma\u00dfe f\u00fcr das Erreichen der Klimaschutzziele relevant. Rund ein F\u00fcnftel der in Deutschland ausgesto\u00dfenen CO2-Emissionen gingen auf den Bereich Mobilit\u00e4t zur\u00fcck.<\/p>\n<p>Mit dem Netzwerk wollen Vertreterinnen und Vertreter der Landeskirchen und Bist\u00fcmer Erfahrungen austauschen, Strategien entwickeln und auch konkrete Projekte gemeinsam realisieren. Jeder Netzwerkpartner werde dazu individuelle Ziele aufstellen, Ma\u00dfnahmen umsetzen und deren Wirkung nachverfolgen. Das dreij\u00e4hrige Projekt werde von der Nationalen Klimaschutzinitiative des Bundesumweltministeriums gef\u00f6rdert, hie\u00df es.<\/p>\n<p>Mitglieder sind die evangelischen Kirchen in Baden, Bremen, Mitteldeutschland, Hessen und Nassau, Westfalen, W\u00fcrttemberg sowie die Evangelisch-Lutherischen Landeskirchen Hannovers und in Norddeutschland. Von katholischer Seite sind die Bist\u00fcmer Aachen und Trier beteiligt sowie die Erzdi\u00f6zesen K\u00f6ln, Freiburg sowie M\u00fcnchen und Freising.<\/p>\n<p>www.fest-heidelberg.de<\/p>\n<\/p><\/div>\n","protected":false},"excerpt":{"rendered":"<p>Der Leiter der Unterabteilung Klimaschutzpolitik im Bundesumweltministerium, Berthold Goeke, hob den Pilotcharakter des neuen kirchlichen Mobilit\u00e4tsnetzwerks hervor. Der Verkehrssektor sei<\/p>\n","protected":false},"author":1,"featured_media":2823,"comment_status":"closed","ping_status":"closed","sticky":false,"template":"","format":"standard","meta":{"footnotes":""},"categories":[20],"tags":[],"_links":{"self":[{"href":"https:\/\/krankenhauspfarramt.de\/index.php\/wp-json\/wp\/v2\/posts\/2822"}],"collection":[{"href":"https:\/\/krankenhauspfarramt.de\/index.php\/wp-json\/wp\/v2\/posts"}],"about":[{"href":"https:\/\/krankenhauspfarramt.de\/index.php\/wp-json\/wp\/v2\/types\/post"}],"author":[{"embeddable":true,"href":"https:\/\/krankenhauspfarramt.de\/index.php\/wp-json\/wp\/v2\/users\/1"}],"replies":[{"embeddable":true,"href":"https:\/\/krankenhauspfarramt.de\/index.php\/wp-json\/wp\/v2\/comments?post=2822"}],"version-history":[{"count":1,"href":"https:\/\/krankenhauspfarramt.de\/index.php\/wp-json\/wp\/v2\/posts\/2822\/revisions"}],"predecessor-version":[{"id":2824,"href":"https:\/\/krankenhauspfarramt.de\/index.php\/wp-json\/wp\/v2\/posts\/2822\/revisions\/2824"}],"wp:featuredmedia":[{"embeddable":true,"href":"https:\/\/krankenhauspfarramt.de\/index.php\/wp-json\/wp\/v2\/media\/2823"}],"wp:attachment":[{"href":"https:\/\/krankenhauspfarramt.de\/index.php\/wp-json\/wp\/v2\/media?parent=2822"}],"wp:term":[{"taxonomy":"category","embeddable":true,"href":"https:\/\/krankenhauspfarramt.de\/index.php\/wp-json\/wp\/v2\/categories?post=2822"},{"taxonomy":"post_tag","embeddable":true,"href":"https:\/\/krankenhauspfarramt.de\/index.php\/wp-json\/wp\/v2\/tags?post=2822"}],"curies":[{"name":"wp","href":"https:\/\/api.w.org\/{rel}","templated":true}]}}