{"id":2825,"date":"2021-01-22T08:33:05","date_gmt":"2021-01-22T08:33:05","guid":{"rendered":"https:\/\/krankenhauspfarramt.de\/index.php\/2021\/01\/22\/erste-digitale-konferenz-der-gesangbuchkommission-ekd\/"},"modified":"2021-01-22T08:33:07","modified_gmt":"2021-01-22T08:33:07","slug":"erste-digitale-konferenz-der-gesangbuchkommission-ekd","status":"publish","type":"post","link":"https:\/\/krankenhauspfarramt.de\/index.php\/2021\/01\/22\/erste-digitale-konferenz-der-gesangbuchkommission-ekd\/","title":{"rendered":"Erste digitale Konferenz der Gesangbuchkommission \u2013 EKD"},"content":{"rendered":"<p> <br \/>\n<\/p>\n<div>\n<figure class=\"image image__float\" style=\"z-index: 4; position: relative;\"><picture><source srcset=\"https:\/\/ekd.de\/ekd_de\/ds_img\/assets_789_x\/Gunter-Kennel-600x777_rdax_263x341_60.jpg 1x, https:\/\/ekd.de\/ekd_de\/ds_img\/assets_789_x\/Gunter-Kennel-600x777_rdax_526x681_60.jpg 2x, https:\/\/ekd.de\/ekd_de\/ds_img\/assets_789_x\/Gunter-Kennel-600x777_rdax_60.jpg 3x\"><\/source><\/picture>\n<\/figure>\n<p>Der Vorsitzende der Steuerungsgruppe, Prof. Dr. Gunter Kennel, freut sich \u00fcber das erfolgreiche digitale Treffen:<\/p>\n<p>\u201eIch freue mich, dass wir trotz gewisser Verz\u00f6gerungen im Prozess und trotz der derzeitigen Corona-Lage die M\u00f6glichkeit haben, digital mit allen Kommissionsmitgliedern und Ansprechpartner*innen zusammenzukommen, um uns nicht nur \u00fcber unsere Visionen und Erwartungen an den Gesangbuchprozess auszutauschen, sondern auch mit der Arbeit daran zu beginnen. Diese Zusammenkunft ist der Start unserer langen Gesangbuchreise, von der wir hoffen, dass sie einen Meilenstein in der zuk\u00fcnftigen Entwicklung evangelischer Kirchenmusik darstellt. Das Treffen im virtuellen Raum erscheint im Moment nur als Notl\u00f6sung. Es ist aber vielleicht auch ein richtungsweisendes Symbol daf\u00fcr, dass digitale Formate auch f\u00fcr die Erm\u00f6glichung christlichen Singens k\u00fcnftig eine wichtige Rolle spielen werden.\u201c<\/p>\n<\/p><\/div>\n","protected":false},"excerpt":{"rendered":"<p>Der Vorsitzende der Steuerungsgruppe, Prof. Dr. Gunter Kennel, freut sich \u00fcber das erfolgreiche digitale Treffen: \u201eIch freue mich, dass wir<\/p>\n","protected":false},"author":1,"featured_media":2826,"comment_status":"closed","ping_status":"closed","sticky":false,"template":"","format":"standard","meta":{"footnotes":""},"categories":[20],"tags":[],"_links":{"self":[{"href":"https:\/\/krankenhauspfarramt.de\/index.php\/wp-json\/wp\/v2\/posts\/2825"}],"collection":[{"href":"https:\/\/krankenhauspfarramt.de\/index.php\/wp-json\/wp\/v2\/posts"}],"about":[{"href":"https:\/\/krankenhauspfarramt.de\/index.php\/wp-json\/wp\/v2\/types\/post"}],"author":[{"embeddable":true,"href":"https:\/\/krankenhauspfarramt.de\/index.php\/wp-json\/wp\/v2\/users\/1"}],"replies":[{"embeddable":true,"href":"https:\/\/krankenhauspfarramt.de\/index.php\/wp-json\/wp\/v2\/comments?post=2825"}],"version-history":[{"count":1,"href":"https:\/\/krankenhauspfarramt.de\/index.php\/wp-json\/wp\/v2\/posts\/2825\/revisions"}],"predecessor-version":[{"id":2827,"href":"https:\/\/krankenhauspfarramt.de\/index.php\/wp-json\/wp\/v2\/posts\/2825\/revisions\/2827"}],"wp:featuredmedia":[{"embeddable":true,"href":"https:\/\/krankenhauspfarramt.de\/index.php\/wp-json\/wp\/v2\/media\/2826"}],"wp:attachment":[{"href":"https:\/\/krankenhauspfarramt.de\/index.php\/wp-json\/wp\/v2\/media?parent=2825"}],"wp:term":[{"taxonomy":"category","embeddable":true,"href":"https:\/\/krankenhauspfarramt.de\/index.php\/wp-json\/wp\/v2\/categories?post=2825"},{"taxonomy":"post_tag","embeddable":true,"href":"https:\/\/krankenhauspfarramt.de\/index.php\/wp-json\/wp\/v2\/tags?post=2825"}],"curies":[{"name":"wp","href":"https:\/\/api.w.org\/{rel}","templated":true}]}}