{"id":2840,"date":"2021-01-25T09:01:53","date_gmt":"2021-01-25T09:01:53","guid":{"rendered":"https:\/\/krankenhauspfarramt.de\/index.php\/2021\/01\/25\/19-01-2021-kirchen-beteiligen-sich-an-cmtdigital\/"},"modified":"2021-01-25T09:01:53","modified_gmt":"2021-01-25T09:01:53","slug":"19-01-2021-kirchen-beteiligen-sich-an-cmtdigital","status":"publish","type":"post","link":"https:\/\/krankenhauspfarramt.de\/index.php\/2021\/01\/25\/19-01-2021-kirchen-beteiligen-sich-an-cmtdigital\/","title":{"rendered":"19.01.2021 Kirchen beteiligen sich an CMTdigital"},"content":{"rendered":"<p><img decoding=\"async\" src=\"https:\/\/www.elk-wue.de\/\" \/><\/p>\n<div id=\"c26035\">\n<header>\n<h2 class=\"b_is-headline\">Kirchen beteiligen sich an CMTdigital<\/h2>\n<h3>Die Landesarbeitsgemeinschaft Kirche und Tourismus zeigt Pilgerwege und -stationen in Baden-W\u00fcrttemberg<\/h3>\n<\/header>\n<p>Stuttgart\/Karlsruhe\/\/Freiburg\/Rottenburg. Mit einem Video zum Thema Pilgern beteiligen sich die vier gro\u00dfen Kirchen in Baden-W\u00fcrttemberg am 26. Januar an der Tourismusmesse CMT, die dieses Jahr pandemiebedingt digital stattfindet. Sie verweisen damit auf ihr reichhaltiges Pilgerangebot, das Menschen helfen soll, eine Auszeit zu nehmen.<\/p>\n<p>\u201eDie Kirchen in Baden-W\u00fcrttemberg bauen derzeit ihr Pilgerangebot aus. Denn Pilgern hat eine lange kirchliche Tradition und tut Menschen gut, die eine Auszeit brauchen \u2013 gerade auch in schwierigen Zeiten oder bei biographisches Lebens\u00fcberg\u00e4ngen\u201c, erkl\u00e4rt Ingrid Kn\u00f6ll-Herde, derzeit Sprecherin der Landesarbeitsgemeinschaft Kirche und Tourismus der vier gro\u00dfen Kirchen in Baden-W\u00fcrttemberg. Der Videofilm, der eigens f\u00fcr die CMTdigital entwickelt wurde, zeigt wichtige Pilgerwege und -stationen, die quer durch Baden-W\u00fcrttemberg f\u00fchren, darunter beispielsweise den Jakobusweg, der 1987 zum ersten Europ\u00e4ischen Kulturweg erkl\u00e4rt wurde, und den Martinusweg, der 1300 Kilometer durch Baden-W\u00fcrttemberg f\u00fchrt.<\/p>\n<p>Es werden aber auch Angebote f\u00fcr neuere Formen des Pilgerns vorgestellt. Beispielsweise der Rad-Pilgerweg \u201eMeinRadweg\u201c, der von Rottenburg am Neckar \u00fcber das Donautal und den Bodensee in die Schweiz f\u00fchrt; oder der unter dem Titel \u201ePilger.Sch\u00f6n\u201c von den Evangelischen Frauen in Baden entwickelte Pilgerweg, der sich mit inzwischen drei begleitenden Handb\u00fcchern gezielt an Frauen richtet. Dar\u00fcber hinaus l\u00e4dt das Video dazu ein, lokale Pilgerwege und spirituelle Wanderungen im Nationalpark Schwarzwald und an vielen Orten in Baden-W\u00fcrttemberg zu entdecken.<\/p>\n<p>Au\u00dferdem m\u00f6chte der Beitrag zeigen, wie Pilgern das Leben bereichern kann. \u201eWer sich auf den Weg macht, nimmt Abstand vom Allt\u00e4glichen. Pilgern ist Entschleunigung der Bewegung, der eigenen Gedanken und eine Sensibilisierung der Sinne f\u00fcr Eindr\u00fccke, die nicht mehr allt\u00e4glich sind\u201c, erl\u00e4utert Ingrid Kn\u00f6ll-Herde. \u201ePilgernd entdeckt man die Welt neu und hat die Chance, andere oder ganz neue Schwerpunkte zu setzen.\u201c<\/p>\n<p>\u00dcber die CMT hinaus bietet die Homepage www.pilgern-in-baden-wuerttemberg.de einen \u00dcberblick \u00fcber die kirchlichen Angebote. Einen Fachtag zum Thema Pilgern (Titel: \u201eDie Sehnsucht ist gr\u00f6\u00dfer \u2013 Pilgern neu entdecken\u201c) hat die Landesarbeitsgemeinschaft Kirche und Tourismus am 23. April im Haus der Katholischen Kirche in Stuttgart geplant.<\/p>\n<p><strong>Hintergrund:<\/strong><\/p>\n<p>Die Landesarbeitsgemeinschaft Kirche und Tourismus der vier gro\u00dfen Kirchen in Baden-W\u00fcrttemberg beteiligt sich seit vier Jahren mit einem gemeinsamen \u00f6kumenischen Stand an der Tourismusmesse CMT in Stuttgart.<\/p>\n<p>Unter www.cmt-messe.de finden alle Interessierten ab sofort das gesamte Programm der CMT, die am Dienstag, 26. Januar, rein digital stattfindet. Das Programm startet um 9 Uhr und umfasst rund 40 Veranstaltungen aus allen Bereichen der CMT. In parallelen Streams und Videos zeigen touristische Anbieter ihre Angebote f\u00fcr die kommende Saison.<\/p>\n<p>Weitere Infos zu Kirche und Tourismus: https:\/\/kirche-tourismus-bw.de\/<\/p>\n<p>\u00a0<\/p>\n<p>Oliver Hoesch<br \/>Sprecher der Landeskirche<\/p>\n<p>\u00a0<\/p>\n<p><strong>Hinweis:<\/strong> Die Pressemitteilung wird von den vier gro\u00dfen Kirchen in Baden-W\u00fcrttemberg zeitgleich versendet.<\/p>\n<\/div>\n","protected":false},"excerpt":{"rendered":"<p>Kirchen beteiligen sich an CMTdigital Die Landesarbeitsgemeinschaft Kirche und Tourismus zeigt Pilgerwege und -stationen in Baden-W\u00fcrttemberg Stuttgart\/Karlsruhe\/\/Freiburg\/Rottenburg. Mit einem Video<\/p>\n","protected":false},"author":1,"featured_media":0,"comment_status":"closed","ping_status":"closed","sticky":false,"template":"","format":"standard","meta":{"footnotes":""},"categories":[21],"tags":[],"_links":{"self":[{"href":"https:\/\/krankenhauspfarramt.de\/index.php\/wp-json\/wp\/v2\/posts\/2840"}],"collection":[{"href":"https:\/\/krankenhauspfarramt.de\/index.php\/wp-json\/wp\/v2\/posts"}],"about":[{"href":"https:\/\/krankenhauspfarramt.de\/index.php\/wp-json\/wp\/v2\/types\/post"}],"author":[{"embeddable":true,"href":"https:\/\/krankenhauspfarramt.de\/index.php\/wp-json\/wp\/v2\/users\/1"}],"replies":[{"embeddable":true,"href":"https:\/\/krankenhauspfarramt.de\/index.php\/wp-json\/wp\/v2\/comments?post=2840"}],"version-history":[{"count":0,"href":"https:\/\/krankenhauspfarramt.de\/index.php\/wp-json\/wp\/v2\/posts\/2840\/revisions"}],"wp:attachment":[{"href":"https:\/\/krankenhauspfarramt.de\/index.php\/wp-json\/wp\/v2\/media?parent=2840"}],"wp:term":[{"taxonomy":"category","embeddable":true,"href":"https:\/\/krankenhauspfarramt.de\/index.php\/wp-json\/wp\/v2\/categories?post=2840"},{"taxonomy":"post_tag","embeddable":true,"href":"https:\/\/krankenhauspfarramt.de\/index.php\/wp-json\/wp\/v2\/tags?post=2840"}],"curies":[{"name":"wp","href":"https:\/\/api.w.org\/{rel}","templated":true}]}}