{"id":2851,"date":"2021-01-26T14:48:19","date_gmt":"2021-01-26T14:48:19","guid":{"rendered":"https:\/\/krankenhauspfarramt.de\/index.php\/2021\/01\/26\/grosser-beitrag-des-judentums-zur-kultur-in-deutschland-ekd\/"},"modified":"2021-01-26T14:48:19","modified_gmt":"2021-01-26T14:48:19","slug":"grosser-beitrag-des-judentums-zur-kultur-in-deutschland-ekd","status":"publish","type":"post","link":"https:\/\/krankenhauspfarramt.de\/index.php\/2021\/01\/26\/grosser-beitrag-des-judentums-zur-kultur-in-deutschland-ekd\/","title":{"rendered":"Gro\u00dfer Beitrag des Judentums zur Kultur in Deutschland \u2013 EKD"},"content":{"rendered":"<p> <br \/>\n<\/p>\n<div>\n<p>Dies schlage sich seit Beginn der Corona-Pandemie vor allem in antisemitischen Verschw\u00f6rungstheorien nieder. Auf den Demos der Querdenker-Bewegung erlebe man dann Vergleiche mit Anne Frank oder sehe gelbe Sterne mit der Aufschrift &#8222;Ungeimpft&#8220;. Dies widere ihn an, sagte Schuster. Antisemiten, Rechtsextremen und Querdenkern d\u00fcrfe es nicht gelingen, &#8222;Ressentiments gegen Minderheiten noch weiter zu verbreiten&#8220;. Das Gef\u00e4hrliche an der Querdenker-Bewegung sieht Schuster in ihrer Breite.<\/p>\n<p>Rechtsradikale f\u00e4nden beispielsweise Ankn\u00fcpfungspunkte zur \u00d6ko-Bewegung, sogar Regenbogenfahnen seien auf Demos zu sehen gewesen &#8211; neben Reichsflaggen. Die AfD sehe sich als &#8222;parlamentarischer Arm der Corona-Leugner&#8220;. Sie habe nach der Fl\u00fcchtlingsthematik ein weiteres popul\u00e4res Feld gefunden, dass sie f\u00fcr ihre Zwecke nutze. &#8222;Die AfD steht f\u00fcr mich f\u00fcr strukturelle Verantwortungslosigkeit&#8220;, mahnte der Zentralratspr\u00e4sident. &#8222;Sie nutzt jede Stimmung, die ihr Stimmen bringt.&#8220;<\/p>\n<p>F\u00fcr Ministerpr\u00e4sident Markus S\u00f6der (CSU) muss bei der Debatte um die Corona-Ma\u00dfnahmen die zentrale ethische Frage des unbedingten Schutzes des Lebens im Mittelpunkt stehen. Es d\u00fcrfe keinen Unterschied machen, ob jemand 80 oder 90 oder 20 oder 30 Jahre alt ist. Gesundheitsvorsorge d\u00fcrfe auch nicht abh\u00e4ngig sein vom Geldbeutel, oder wie krank ein Mensch ist und welche Perspektiven er hat. Deshalb werde er daf\u00fcr eintreten, dass der Schutz des Lebens absolut ist und nicht relativiert wird, betonte S\u00f6der. Dabei setze er auch auf die Unterst\u00fctzung der Kirchen.<\/p>\n<p>Zum Thema des Jahresempfangs &#8222;1700 Jahre Judentum in Deutschland&#8220; sagte Bischof Bedford-Strohm, dass dieses Jubil\u00e4um eine Gelegenheit sein sollte, den gro\u00dfen Beitrag j\u00fcdischer Menschen f\u00fcr die religi\u00f6sen und kulturellen Traditionen Deutschlands sichtbar zu machen. Denn aus dem Judentum seien Inspirationen jenseits religi\u00f6ser und weltanschaulicher Grenzen gekommen. Deshalb wolle die \u00f6kumenische Kampagne &#8222;#beziehungsweise &#8211; j\u00fcdisch und christlich n\u00e4her als du denkst&#8220; zeigen, wie wichtig und eng die Beziehungen von Christentum und Judentum sind. Dieses bundesweite Projekt transportiere wichtige Erkenntnisse des j\u00fcdisch-christlichen Dialogs in die Breite der Gemeinden und kirchlichen Einrichtungen, sagte der Bischof.<\/p>\n<p>Eine Absage des traditionellen Jahresempfangs war f\u00fcr Akademiedirektor Udo Hahn keine Option. Der Empfang, bei dem die Repr\u00e4sentanten von Kirche, Politik und Gesellschaft zusammenkommen, stehe f\u00fcr gesellschaftlichen Respekt und Toleranz. In diesem Jahr sei deshalb besonders wichtig gewesen, an die 1700 Jahre j\u00fcdisches Leben in Deutschland zu erinnern. F\u00fcr Bischof Bedford-Strohm ist w\u00e4hrend der Corona-Einschr\u00e4nkungen die digitale Kommunikation wie der Tutzinger Empfang ein &#8222;Segen&#8220;. Ohne diese Kommunikation w\u00e4re die Gefahr noch gr\u00f6\u00dfer, &#8222;dass Formen der Gemeinschaft in unserer Gesellschaft erodieren, die wir dringend brauchen&#8220;.\u00a0<\/p>\n<\/p><\/div>\n","protected":false},"excerpt":{"rendered":"<p>Dies schlage sich seit Beginn der Corona-Pandemie vor allem in antisemitischen Verschw\u00f6rungstheorien nieder. Auf den Demos der Querdenker-Bewegung erlebe man<\/p>\n","protected":false},"author":1,"featured_media":0,"comment_status":"closed","ping_status":"closed","sticky":false,"template":"","format":"standard","meta":{"footnotes":""},"categories":[20],"tags":[],"_links":{"self":[{"href":"https:\/\/krankenhauspfarramt.de\/index.php\/wp-json\/wp\/v2\/posts\/2851"}],"collection":[{"href":"https:\/\/krankenhauspfarramt.de\/index.php\/wp-json\/wp\/v2\/posts"}],"about":[{"href":"https:\/\/krankenhauspfarramt.de\/index.php\/wp-json\/wp\/v2\/types\/post"}],"author":[{"embeddable":true,"href":"https:\/\/krankenhauspfarramt.de\/index.php\/wp-json\/wp\/v2\/users\/1"}],"replies":[{"embeddable":true,"href":"https:\/\/krankenhauspfarramt.de\/index.php\/wp-json\/wp\/v2\/comments?post=2851"}],"version-history":[{"count":0,"href":"https:\/\/krankenhauspfarramt.de\/index.php\/wp-json\/wp\/v2\/posts\/2851\/revisions"}],"wp:attachment":[{"href":"https:\/\/krankenhauspfarramt.de\/index.php\/wp-json\/wp\/v2\/media?parent=2851"}],"wp:term":[{"taxonomy":"category","embeddable":true,"href":"https:\/\/krankenhauspfarramt.de\/index.php\/wp-json\/wp\/v2\/categories?post=2851"},{"taxonomy":"post_tag","embeddable":true,"href":"https:\/\/krankenhauspfarramt.de\/index.php\/wp-json\/wp\/v2\/tags?post=2851"}],"curies":[{"name":"wp","href":"https:\/\/api.w.org\/{rel}","templated":true}]}}