{"id":2852,"date":"2021-01-27T15:27:51","date_gmt":"2021-01-27T15:27:51","guid":{"rendered":"https:\/\/krankenhauspfarramt.de\/index.php\/2021\/01\/27\/christian-schad-wird-praesident-des-evangelischen-bundes-ekd\/"},"modified":"2021-01-27T15:27:52","modified_gmt":"2021-01-27T15:27:52","slug":"christian-schad-wird-praesident-des-evangelischen-bundes-ekd","status":"publish","type":"post","link":"https:\/\/krankenhauspfarramt.de\/index.php\/2021\/01\/27\/christian-schad-wird-praesident-des-evangelischen-bundes-ekd\/","title":{"rendered":"Christian Schad wird Pr\u00e4sident des Evangelischen Bundes \u2013 EKD"},"content":{"rendered":"<p> <br \/>\n<\/p>\n<div id=\"\">\n<p>Bensheim (epd). Der pf\u00e4lzische Kirchenpr\u00e4sident Christian Schad wird am 1. M\u00e4rz neuer Pr\u00e4sident des Evangelischen Bundes. Schad sei per Briefwahl gew\u00e4hlt worden, teilte Generalsekret\u00e4r Richard Janus am Dienstag in Bensheim nach einer Sitzung des Zentralvorstandes mit. Der Evangelische Bund ist ein Arbeitswerk der Evangelischen Kirche in Deutschland, das sich mit Fragen der Konfessionskunde und der \u00d6kumene befasst.<\/p>\n<p>Schad tritt die Nachfolge der Theologieprofessorin Gury Schneider-Ludorff an, die das Amt bereits im Januar vergangenen Jahres niedergelegt hatte. Seither f\u00fchrt der stellvertretende Pr\u00e4sident, der ehemalige evangelische Milit\u00e4rbischof Sigurd Rink, den Evangelischen Bund. Schad ist seit 2008 Pr\u00e4sident der Evangelischen Kirche der Pfalz. Er geht zum 1. M\u00e4rz in den Ruhestand.<\/p>\n<p>Mit Christian Schad sei eine \u00f6kumenisch ausgewiesene und profilierte Pers\u00f6nlichkeit f\u00fcr die Spitze des Evangelischen Bundes gewonnen worden, hei\u00dft es in der Mitteilung. Er stehe als Vorsitzender der Vollkonferenz und des Pr\u00e4sidiums der Union Evangelischer Kirchen in der Evangelischen Kirche in Deutschland f\u00fcr das vertrauensvolle Miteinander der lutherischen, reformierten und unierten Landeskirchen innerhalb des deutschen Protestantismus. Au\u00dferdem sei er national und international im Dialog mit der r\u00f6misch-katholischen Kirche engagiert.<\/p>\n<p>Der Evangelische Bund wurde 1886 in Erfurt gegr\u00fcndet und ist einer der gro\u00dfen evangelischen Verb\u00e4nde. Er ist Tr\u00e4ger des Konfessionskundlichen Instituts Bensheim, das die unterschiedlichen christlichen Denominationen und \u00f6kumenische Entwicklungen erforscht.<\/p>\n<\/div>\n","protected":false},"excerpt":{"rendered":"<p>Bensheim (epd). Der pf\u00e4lzische Kirchenpr\u00e4sident Christian Schad wird am 1. M\u00e4rz neuer Pr\u00e4sident des Evangelischen Bundes. Schad sei per Briefwahl<\/p>\n","protected":false},"author":1,"featured_media":2853,"comment_status":"closed","ping_status":"closed","sticky":false,"template":"","format":"standard","meta":{"footnotes":""},"categories":[20],"tags":[],"_links":{"self":[{"href":"https:\/\/krankenhauspfarramt.de\/index.php\/wp-json\/wp\/v2\/posts\/2852"}],"collection":[{"href":"https:\/\/krankenhauspfarramt.de\/index.php\/wp-json\/wp\/v2\/posts"}],"about":[{"href":"https:\/\/krankenhauspfarramt.de\/index.php\/wp-json\/wp\/v2\/types\/post"}],"author":[{"embeddable":true,"href":"https:\/\/krankenhauspfarramt.de\/index.php\/wp-json\/wp\/v2\/users\/1"}],"replies":[{"embeddable":true,"href":"https:\/\/krankenhauspfarramt.de\/index.php\/wp-json\/wp\/v2\/comments?post=2852"}],"version-history":[{"count":1,"href":"https:\/\/krankenhauspfarramt.de\/index.php\/wp-json\/wp\/v2\/posts\/2852\/revisions"}],"predecessor-version":[{"id":2854,"href":"https:\/\/krankenhauspfarramt.de\/index.php\/wp-json\/wp\/v2\/posts\/2852\/revisions\/2854"}],"wp:featuredmedia":[{"embeddable":true,"href":"https:\/\/krankenhauspfarramt.de\/index.php\/wp-json\/wp\/v2\/media\/2853"}],"wp:attachment":[{"href":"https:\/\/krankenhauspfarramt.de\/index.php\/wp-json\/wp\/v2\/media?parent=2852"}],"wp:term":[{"taxonomy":"category","embeddable":true,"href":"https:\/\/krankenhauspfarramt.de\/index.php\/wp-json\/wp\/v2\/categories?post=2852"},{"taxonomy":"post_tag","embeddable":true,"href":"https:\/\/krankenhauspfarramt.de\/index.php\/wp-json\/wp\/v2\/tags?post=2852"}],"curies":[{"name":"wp","href":"https:\/\/api.w.org\/{rel}","templated":true}]}}