{"id":2858,"date":"2021-01-28T16:01:54","date_gmt":"2021-01-28T16:01:54","guid":{"rendered":"https:\/\/krankenhauspfarramt.de\/index.php\/2021\/01\/28\/jetzt-auch-noch-fasten-ekd\/"},"modified":"2021-01-28T16:01:56","modified_gmt":"2021-01-28T16:01:56","slug":"jetzt-auch-noch-fasten-ekd","status":"publish","type":"post","link":"https:\/\/krankenhauspfarramt.de\/index.php\/2021\/01\/28\/jetzt-auch-noch-fasten-ekd\/","title":{"rendered":"Jetzt auch noch fasten? \u2013 EKD"},"content":{"rendered":"<p> <br \/>\n<\/p>\n<div>\n<p>F\u00fcr die evangelische Theologin Susanne Breit-Ke\u00dfler kann die Fastenzeit gerade w\u00e4hrend der Corona-Pandemie eine seelische St\u00fctze sein. Seit 1983 l\u00e4dt die evangelische Kirche zur Fastenaktion &#8222;7 Wochen Ohne&#8220; ein. In diesem Jahr steht die Aktion zwischen dem 17. Februar (Aschermittwoch) und dem 5. April unter dem Motto &#8222;Spielraum &#8211; Sieben Wochen ohne Blockaden&#8220;. Sie solle dazu beitragen, &#8222;dass Menschen mehr Weite in ihrem Leben entdecken und Enge hinter sich lassen&#8220;, sagt die fr\u00fchere M\u00fcnchner Regionalbisch\u00f6fin und Kuratoriumsvorsitzende der Initiative dem epd.<\/p>\n<p>Fasten sei keine moralische Angelegenheit, betont Breit-Ke\u00dfler: &#8222;Es bedeutet vor allem, kleine Fluchten und gro\u00dfe Freiheiten f\u00fcr sich zu entdecken. Wo und wie kann ich mich neu und anders als bisher entfalten?&#8220; Das diesj\u00e4hrige Motto &#8222;Spielraum&#8220; solle auch f\u00fcr eine Zeit stehen, &#8222;in der ich nachdenke, wie die Menschen dieser Welt miteinander verbunden sind und was man selbst zu einer Globalisierung der Herzen beitragen kann&#8220;.<\/p>\n<p>In der Fastenzeit vor dem zweiten Corona-Ostern, f\u00fcgt die evangelische Theologin Jacobs hinzu, geht es nicht um einen Beweis &#8222;der eigenen Willensst\u00e4rke, nicht ums Durchhalten und auch nicht um Kalorienreduktion, sondern darum, sich zu besinnen und das Leiden nicht aus dem Sinn und Blick zu verlieren&#8220;. Es gehe darum, &#8222;das Mitleidenk\u00f6nnen nicht zu verlernen&#8220;. Daher redeten Protestantinnen und Protestanten lieber von Passionszeit als von Fastenzeit.<\/p>\n<p>Fastengruppen und Gespr\u00e4chskreise m\u00fcssen in diesem Jahr meist digital stattfinden, per Zoom, \u00fcber WhatsApp oder E-Mail, wie es die Aktion &#8222;7 Wochen Ohne&#8220; anbietet. Pfarrerin Jacobs will in ihrer Gemeinde in Hannover die Passionszeit auf diese Weise gestalten. Ein digitaler Adventskalender sei bereits gut angekommen und habe gezeigt: &#8222;Auch 80-J\u00e4hrige f\u00fchlen sich via Smartphone mit anderen verbunden und beherrschen diese Kommunikationsform oft erstaunlich gut.&#8220;<\/p>\n<p>Breit-Ke\u00dfler sagt: &#8222;Wir sind inzwischen alle fit in Videokonferenzen. In ihnen kann man sich gut \u00fcber eigene Erfahrungen austauschen. Dazu rate ich, per Mail Rundbriefe zu schreiben &#8211; eine f\u00e4ngt an, ein anderer f\u00fcgt etwas hinzu und so weiter.&#8220; Solche Briefe k\u00f6nne man sich aufheben und \u00fcberdenken.<\/p>\n<p>Gerade dieses Jahr, sagt Jacobs, eigne sich gut f\u00fcr die Fastenzeit, &#8222;weil es letztlich ein gewohntes Ritual ist, mit der die Zeit strukturiert wird und weil man dieses Jahr auch mehr Zeit hat, die ganzen Fastenkalender und -Mails zu lesen&#8220;. In der Passionszeit 2021 k\u00f6nne es darum gehen, &#8222;nach den eigenen Kraftquellen zu suchen, um W\u00fcstenzeiten zu \u00fcberstehen, so wie Jesus die 40 Tage in der W\u00fcste \u00fcberstanden hat, ohne verr\u00fcckt zu werden&#8220;. Vielleicht k\u00f6nne man die Passionszeit in diesem Jahr begehen, ohne auf bestimmte Lebensmittel zu verzichten.<\/p>\n<p>W\u00e4hrend eines solchen R\u00fcckzugs &#8211; ob freiwillig oder angeordnet &#8211; k\u00f6nnten freilich \u00c4ngste, Verdr\u00e4ngtes sowie andere Gef\u00fchle nach oben kommen, gibt der Theologe Hoffmann zu bedenken: &#8222;Das passiert jetzt nat\u00fcrlich ganz viel: Die Nerven liegen blank, wir starren auf die Nachrichten. Wie schlimm wird es denn noch?&#8220;<\/p>\n<p>Da m\u00fcsse man aufpassen, nicht in den Sog des Negativen zu geraten.\u00a0 Daher solle man jetzt laut Hoffmann &#8222;seine D\u00e4monen und schweren Gedanken liebevoll anschauen, willkommen hei\u00dfen, aber auch loslassen&#8220;. In dieser Weise k\u00f6nne die Fastenzeit gerade in der Corona-Krise &#8222;ein Weg zur Seelenruhe&#8220; werden.<\/p>\n<p style=\"text-align:right\"><em>Von Stephan Cezanne (epd)<\/em><\/p>\n<\/p><\/div>\n","protected":false},"excerpt":{"rendered":"<p>F\u00fcr die evangelische Theologin Susanne Breit-Ke\u00dfler kann die Fastenzeit gerade w\u00e4hrend der Corona-Pandemie eine seelische St\u00fctze sein. Seit 1983 l\u00e4dt<\/p>\n","protected":false},"author":1,"featured_media":2859,"comment_status":"closed","ping_status":"closed","sticky":false,"template":"","format":"standard","meta":{"footnotes":""},"categories":[20],"tags":[],"_links":{"self":[{"href":"https:\/\/krankenhauspfarramt.de\/index.php\/wp-json\/wp\/v2\/posts\/2858"}],"collection":[{"href":"https:\/\/krankenhauspfarramt.de\/index.php\/wp-json\/wp\/v2\/posts"}],"about":[{"href":"https:\/\/krankenhauspfarramt.de\/index.php\/wp-json\/wp\/v2\/types\/post"}],"author":[{"embeddable":true,"href":"https:\/\/krankenhauspfarramt.de\/index.php\/wp-json\/wp\/v2\/users\/1"}],"replies":[{"embeddable":true,"href":"https:\/\/krankenhauspfarramt.de\/index.php\/wp-json\/wp\/v2\/comments?post=2858"}],"version-history":[{"count":1,"href":"https:\/\/krankenhauspfarramt.de\/index.php\/wp-json\/wp\/v2\/posts\/2858\/revisions"}],"predecessor-version":[{"id":2860,"href":"https:\/\/krankenhauspfarramt.de\/index.php\/wp-json\/wp\/v2\/posts\/2858\/revisions\/2860"}],"wp:featuredmedia":[{"embeddable":true,"href":"https:\/\/krankenhauspfarramt.de\/index.php\/wp-json\/wp\/v2\/media\/2859"}],"wp:attachment":[{"href":"https:\/\/krankenhauspfarramt.de\/index.php\/wp-json\/wp\/v2\/media?parent=2858"}],"wp:term":[{"taxonomy":"category","embeddable":true,"href":"https:\/\/krankenhauspfarramt.de\/index.php\/wp-json\/wp\/v2\/categories?post=2858"},{"taxonomy":"post_tag","embeddable":true,"href":"https:\/\/krankenhauspfarramt.de\/index.php\/wp-json\/wp\/v2\/tags?post=2858"}],"curies":[{"name":"wp","href":"https:\/\/api.w.org\/{rel}","templated":true}]}}