{"id":2900,"date":"2021-02-10T14:54:45","date_gmt":"2021-02-10T14:54:45","guid":{"rendered":"https:\/\/krankenhauspfarramt.de\/index.php\/2021\/02\/10\/500-jahre-wormser-reichstag-ekd\/"},"modified":"2021-02-10T14:54:47","modified_gmt":"2021-02-10T14:54:47","slug":"500-jahre-wormser-reichstag-ekd","status":"publish","type":"post","link":"https:\/\/krankenhauspfarramt.de\/index.php\/2021\/02\/10\/500-jahre-wormser-reichstag-ekd\/","title":{"rendered":"500 Jahre Wormser Reichstag \u2013 EKD"},"content":{"rendered":"<p> <br \/>\n<\/p>\n<div>\n<p>Am 17. April 2021, werden zudem die Feierlichkeiten in der Stadt Worms mit einem Festakt er\u00f6ffnet, an dem via Internet\u00fcbertragung jede und jeder eingeladen ist, teilzunehmen. Und danach kann die Nacht vor dem Auftritt Luthers in Worms noch einmal hautnah mit allen Zweifeln und \u00c4ngsten miterlebt werden: Das geht auch in der Corona-Pandemie. Der SWR \u00fcbertr\u00e4gt die Multimedia-Inszenierung \u201eDer Luther-Moment\u201c live am 17. April um 23 Uhr aus Worms.<\/p>\n<p>Zum Abschluss des Auftaktwochenendes \u00fcbertragt dann am Sonntag, 18. April, das ZDF den Festgottesdienst zum Jubil\u00e4um ab 9.30 Uhr aus der Wormser Magnuskirche. Am 24. April wird der Bund der 16 Lutherst\u00e4dte in Deutschland den mit 10.000 Euro dotierten LutherPreis \u201eDas unerschrockene Wort\u201c 2021 an die drei wei\u00dfrussischen B\u00fcrgerrechtlerinnen Weronika Zepkalo, Swetlana Tichanowskaja und Maria Kolesnikowa vergeben.<\/p>\n<\/p><\/div>\n","protected":false},"excerpt":{"rendered":"<p>Am 17. April 2021, werden zudem die Feierlichkeiten in der Stadt Worms mit einem Festakt er\u00f6ffnet, an dem via Internet\u00fcbertragung<\/p>\n","protected":false},"author":1,"featured_media":2901,"comment_status":"closed","ping_status":"closed","sticky":false,"template":"","format":"standard","meta":{"footnotes":""},"categories":[20],"tags":[],"_links":{"self":[{"href":"https:\/\/krankenhauspfarramt.de\/index.php\/wp-json\/wp\/v2\/posts\/2900"}],"collection":[{"href":"https:\/\/krankenhauspfarramt.de\/index.php\/wp-json\/wp\/v2\/posts"}],"about":[{"href":"https:\/\/krankenhauspfarramt.de\/index.php\/wp-json\/wp\/v2\/types\/post"}],"author":[{"embeddable":true,"href":"https:\/\/krankenhauspfarramt.de\/index.php\/wp-json\/wp\/v2\/users\/1"}],"replies":[{"embeddable":true,"href":"https:\/\/krankenhauspfarramt.de\/index.php\/wp-json\/wp\/v2\/comments?post=2900"}],"version-history":[{"count":1,"href":"https:\/\/krankenhauspfarramt.de\/index.php\/wp-json\/wp\/v2\/posts\/2900\/revisions"}],"predecessor-version":[{"id":2902,"href":"https:\/\/krankenhauspfarramt.de\/index.php\/wp-json\/wp\/v2\/posts\/2900\/revisions\/2902"}],"wp:featuredmedia":[{"embeddable":true,"href":"https:\/\/krankenhauspfarramt.de\/index.php\/wp-json\/wp\/v2\/media\/2901"}],"wp:attachment":[{"href":"https:\/\/krankenhauspfarramt.de\/index.php\/wp-json\/wp\/v2\/media?parent=2900"}],"wp:term":[{"taxonomy":"category","embeddable":true,"href":"https:\/\/krankenhauspfarramt.de\/index.php\/wp-json\/wp\/v2\/categories?post=2900"},{"taxonomy":"post_tag","embeddable":true,"href":"https:\/\/krankenhauspfarramt.de\/index.php\/wp-json\/wp\/v2\/tags?post=2900"}],"curies":[{"name":"wp","href":"https:\/\/api.w.org\/{rel}","templated":true}]}}