{"id":2903,"date":"2021-02-10T18:56:06","date_gmt":"2021-02-10T18:56:06","guid":{"rendered":"https:\/\/krankenhauspfarramt.de\/index.php\/2021\/02\/10\/gorski-neuer-vorstandsvorsitzender-beim-sozialwissenschaftlichen-institut-ekd\/"},"modified":"2021-02-10T18:56:08","modified_gmt":"2021-02-10T18:56:08","slug":"gorski-neuer-vorstandsvorsitzender-beim-sozialwissenschaftlichen-institut-ekd","status":"publish","type":"post","link":"https:\/\/krankenhauspfarramt.de\/index.php\/2021\/02\/10\/gorski-neuer-vorstandsvorsitzender-beim-sozialwissenschaftlichen-institut-ekd\/","title":{"rendered":"Gorski neuer Vorstandsvorsitzender beim Sozialwissenschaftlichen Institut \u2013 EKD"},"content":{"rendered":"<p> <br \/>\n<\/p>\n<div id=\"\">\n<p>Hannover (epd).\u00a0Horst Gorski ist der neue Vorstandsvorsitzende des Sozialwissenschaftlichen Instituts der Evangelischen\u00a0Kirche\u00a0in Deutschland (EKD). Er folgt auf den hannoverschen Theologen Arend de Vries, der im vergangenen Jahr in den Ruhestand gegangen ist, wie das Institut am Mittwoch mitteilte. Gorski bekleidete bislang das Amt des stellvertretenden Vorsitzenden und ist Leiter des Amtes der Vereinigten Evangelisch-Lutherischen\u00a0Kirche\u00a0Deutschlands (VELKD) und Vizepr\u00e4sident des\u00a0Kirchenamtes der EKD.<\/p>\n<p>Au\u00dferdem ist den Angaben zufolge der neue Theologische Vizepr\u00e4sident des Landeskirchenamtes der Evangelisch-lutherischen Landeskirche\u00a0Hannovers, Ralph Charbonnier, in der Nachfolge von Arend de Vries in den Vorstand qua Amt eingetreten. Er wurde zum stellvertretenden Vorsitzenden gew\u00e4hlt.<\/p>\n<p>Weitere Mitglieder des Vorstandes sind der Leiter der Fortbildung in den ersten Amtsjahren der hannoverschen Landeskirche, Claas Cordemann, der Direktor des Diakoniewissenschaftlichen Instituts der Theologischen Fakult\u00e4t der Universit\u00e4t Heidelberg, Johannes Eurich, sowie der Seniorprofessor am Exzellenzcluster &#8222;Religion und Politik&#8220; in M\u00fcnster Hans-Richard Reuter, und die stellvertretende\u00a0Kirchenpr\u00e4sidentin der Evangelischen\u00a0Kirche\u00a0in Hessen und Nassau, Ulrike Scherf.<\/p>\n<hr\/>\n<p><em>Das Sozialwissenschaftliche Institut der EKD ist 2004 aus der Zusammenf\u00fchrung des Sozialwissenschaftlichen Instituts in Bochum (SWI) mit dem Pastoralsoziologischen Institut der Landeskirche\u00a0Hannovers hervorgegangen. Es begleitet und kommentiert aktuelle Entwicklungen in\u00a0Kirche\u00a0und Gesellschaft und forscht, publiziert und referiert \u00fcber Gegenwart und Zukunft sozialer Gerechtigkeit, wobei Perspektiven von\u00a0Kirche\u00a0und Religion in der Gesellschaft beleuchtet werden.<\/em><\/p>\n<\/div>\n<div id=\"\">\n<div class=\"article--downloads download\">\n<figure class=\"image image__float\" style=\"z-index: 4; position: relative;\"><picture><source srcset=\"https:\/\/ekd.de\/ekd_de\/ds_img\/assets_789_x\/SI-EKD_Signet_Bildmarke_300_rdax_263x263_60.jpg 1x, https:\/\/ekd.de\/ekd_de\/ds_img\/assets_789_x\/SI-EKD_Signet_Bildmarke_300_rdax_60.jpg 2x, https:\/\/ekd.de\/ekd_de\/ds_img\/assets_789_x\/SI-EKD_Signet_Bildmarke_300_rdax_60.jpg 3x\"><\/source><\/picture>\n<\/figure>\n<p><h3 class=\"primus--sub-headline\">Sozialwissenschaftliches Institut der EKD<\/h3>\n<\/p>\n<p>Das Sozialwissenschaftliche Institut der Evangelischen Kirche in Deutschland (EKD) arbeitet auf der Grundlage christlicher Wertorientierungen in der Tradition der evangelischen Sozialethik.\u00a0Es stellt sozialwissenschaftliche und theologische Kompetenz im kirchlichen Auftrag bereit.<\/p>\n<\/p><\/div>\n<\/div>\n","protected":false},"excerpt":{"rendered":"<p>Hannover (epd).\u00a0Horst Gorski ist der neue Vorstandsvorsitzende des Sozialwissenschaftlichen Instituts der Evangelischen\u00a0Kirche\u00a0in Deutschland (EKD). Er folgt auf den hannoverschen Theologen<\/p>\n","protected":false},"author":1,"featured_media":2904,"comment_status":"closed","ping_status":"closed","sticky":false,"template":"","format":"standard","meta":{"footnotes":""},"categories":[20],"tags":[],"_links":{"self":[{"href":"https:\/\/krankenhauspfarramt.de\/index.php\/wp-json\/wp\/v2\/posts\/2903"}],"collection":[{"href":"https:\/\/krankenhauspfarramt.de\/index.php\/wp-json\/wp\/v2\/posts"}],"about":[{"href":"https:\/\/krankenhauspfarramt.de\/index.php\/wp-json\/wp\/v2\/types\/post"}],"author":[{"embeddable":true,"href":"https:\/\/krankenhauspfarramt.de\/index.php\/wp-json\/wp\/v2\/users\/1"}],"replies":[{"embeddable":true,"href":"https:\/\/krankenhauspfarramt.de\/index.php\/wp-json\/wp\/v2\/comments?post=2903"}],"version-history":[{"count":1,"href":"https:\/\/krankenhauspfarramt.de\/index.php\/wp-json\/wp\/v2\/posts\/2903\/revisions"}],"predecessor-version":[{"id":2905,"href":"https:\/\/krankenhauspfarramt.de\/index.php\/wp-json\/wp\/v2\/posts\/2903\/revisions\/2905"}],"wp:featuredmedia":[{"embeddable":true,"href":"https:\/\/krankenhauspfarramt.de\/index.php\/wp-json\/wp\/v2\/media\/2904"}],"wp:attachment":[{"href":"https:\/\/krankenhauspfarramt.de\/index.php\/wp-json\/wp\/v2\/media?parent=2903"}],"wp:term":[{"taxonomy":"category","embeddable":true,"href":"https:\/\/krankenhauspfarramt.de\/index.php\/wp-json\/wp\/v2\/categories?post=2903"},{"taxonomy":"post_tag","embeddable":true,"href":"https:\/\/krankenhauspfarramt.de\/index.php\/wp-json\/wp\/v2\/tags?post=2903"}],"curies":[{"name":"wp","href":"https:\/\/api.w.org\/{rel}","templated":true}]}}