{"id":2912,"date":"2021-02-11T19:20:58","date_gmt":"2021-02-11T19:20:58","guid":{"rendered":"https:\/\/krankenhauspfarramt.de\/index.php\/2021\/02\/11\/synergieeffekte-nutzen-und-enger-zusammenwachsen-ekd\/"},"modified":"2021-02-11T19:21:00","modified_gmt":"2021-02-11T19:21:00","slug":"synergieeffekte-nutzen-und-enger-zusammenwachsen-ekd","status":"publish","type":"post","link":"https:\/\/krankenhauspfarramt.de\/index.php\/2021\/02\/11\/synergieeffekte-nutzen-und-enger-zusammenwachsen-ekd\/","title":{"rendered":"Synergieeffekte nutzen und enger zusammenwachsen \u2013 EKD"},"content":{"rendered":"<p> <br \/>\n<\/p>\n<div>\n<p>Um Synergieeffekte zu nutzen und Doppelstrukturen abzubauen, haben Bistum und Landeskirche\u00a0bereits die Zusammenlegung ihrer beiden Bibliotheken in Speyer beschlossen &#8211; m\u00f6glicherweise am bisherigen Ort der Bibliothek und Medienzentrale der Landeskirche. Engere Verzahnungen sind etwa in der Klinikseelsorge, in der\u00a0Kirchenverwaltung, der\u00a0Kirchenmusik und bei den gesamtkirchlichen Diensten angedacht. Auch die kirchlichen Wohlfahrtsverb\u00e4nde Diakonie und Caritas sollen, wo es m\u00f6glich ist, zusammen auf dem Sozialmarkt agieren. Gemeinsame Tr\u00e4gerschaften von diakonischen oder karitativen Einrichtungen seien allerdings rechtlich schwierig, betont Sutter, der auch Diakoniedezernent ist.<\/p>\n<p>Bei allen Ver\u00e4nderungen m\u00fcssten kirchliche Mitarbeiterinnen und Mitarbeiter keinen Verlust ihres Arbeitsplatzes bef\u00fcrchten, sagt Sutter. Gerade in Corona-Zeiten m\u00fcssten die\u00a0Kirchen vielmehr enger &#8222;an einem Strang ziehen, auch im Kampf um gute Fachkr\u00e4fte&#8220;, erg\u00e4nzt Sturm.<\/p>\n<p>Zun\u00e4chst sollen die Dezernate und Hauptabteilungen sowie \u00fcbergemeindlichen Dienste beider\u00a0Kirchen Vorschl\u00e4ge f\u00fcr vorrangige gemeinsame Projekte unterbreiten. Ziel sei es dabei, &#8222;m\u00f6glichst viele Menschen mitzunehmen und keine \u00d6kumene von oben&#8220; zu verordnen, sagt Sturm. Danach erstellt eine Steuerungsgruppe einen Aktions- und Zeitplan. \u00dcber dessen Umsetzung soll nach zwei bis drei Jahren ein Zwischenbericht informieren.<\/p>\n<p>Beide\u00a0Kirchen m\u00fcssten ihre eigene konfessionelle Identit\u00e4t wahren und die jeweilige Haushaltshoheit beachten, machen Sturm und Sutter deutlich. Dennoch m\u00fcsse man weiter daran arbeiten, Differenzen im\u00a0Kirchen-, Amts- und Sakramentsverst\u00e4ndnis zu \u00fcberwinden. Ihn schmerze es pers\u00f6nlich sehr, dass er nicht gemeinsam mit evangelischen Christen das Abendmahl feiern k\u00f6nne, sagt Generalvikar Sturm. &#8222;Aber wir k\u00f6nnen etwas machen und bleiben an dem Thema dran&#8220;, versichert er.<\/p>\n<p>Bei ihrem vertieften \u00d6kumeneprozess wollen Landeskirche\u00a0und Bistum weiter mit anderen Mitgliedskirchen der Arbeitsgemeinschaft Christlicher\u00a0Kirchen (ACK) Region S\u00fcdwest etwa beim Klimaschutz zusammenarbeiten. Der vor sechs Jahren von beiden\u00a0Kirchen ver\u00f6ffentlichte \u00f6kumenische Leitfaden habe viele Impulse f\u00fcr das Miteinander geliefert, sagt Generalvikar Sturm. Das neue Arbeitspapier zeige nun: &#8222;Es geht weiter, wir setzen uns neue Ziele.&#8220;<\/p>\n<p style=\"text-align:right\"><em>Von Alexander Lang (epd)<\/em><\/p>\n<hr\/>\n<p>www.evkirchepfalz.de<br \/>www.bistum-speyer.de<\/p>\n<p>\u00d6kumenischer Leitfaden<\/p>\n<p>\u00a0<\/p>\n<p>\u00a0<\/p>\n<\/p><\/div>\n","protected":false},"excerpt":{"rendered":"<p>Um Synergieeffekte zu nutzen und Doppelstrukturen abzubauen, haben Bistum und Landeskirche\u00a0bereits die Zusammenlegung ihrer beiden Bibliotheken in Speyer beschlossen &#8211;<\/p>\n","protected":false},"author":1,"featured_media":2913,"comment_status":"closed","ping_status":"closed","sticky":false,"template":"","format":"standard","meta":{"footnotes":""},"categories":[20],"tags":[],"_links":{"self":[{"href":"https:\/\/krankenhauspfarramt.de\/index.php\/wp-json\/wp\/v2\/posts\/2912"}],"collection":[{"href":"https:\/\/krankenhauspfarramt.de\/index.php\/wp-json\/wp\/v2\/posts"}],"about":[{"href":"https:\/\/krankenhauspfarramt.de\/index.php\/wp-json\/wp\/v2\/types\/post"}],"author":[{"embeddable":true,"href":"https:\/\/krankenhauspfarramt.de\/index.php\/wp-json\/wp\/v2\/users\/1"}],"replies":[{"embeddable":true,"href":"https:\/\/krankenhauspfarramt.de\/index.php\/wp-json\/wp\/v2\/comments?post=2912"}],"version-history":[{"count":1,"href":"https:\/\/krankenhauspfarramt.de\/index.php\/wp-json\/wp\/v2\/posts\/2912\/revisions"}],"predecessor-version":[{"id":2914,"href":"https:\/\/krankenhauspfarramt.de\/index.php\/wp-json\/wp\/v2\/posts\/2912\/revisions\/2914"}],"wp:featuredmedia":[{"embeddable":true,"href":"https:\/\/krankenhauspfarramt.de\/index.php\/wp-json\/wp\/v2\/media\/2913"}],"wp:attachment":[{"href":"https:\/\/krankenhauspfarramt.de\/index.php\/wp-json\/wp\/v2\/media?parent=2912"}],"wp:term":[{"taxonomy":"category","embeddable":true,"href":"https:\/\/krankenhauspfarramt.de\/index.php\/wp-json\/wp\/v2\/categories?post=2912"},{"taxonomy":"post_tag","embeddable":true,"href":"https:\/\/krankenhauspfarramt.de\/index.php\/wp-json\/wp\/v2\/tags?post=2912"}],"curies":[{"name":"wp","href":"https:\/\/api.w.org\/{rel}","templated":true}]}}