{"id":2915,"date":"2021-02-12T14:03:24","date_gmt":"2021-02-12T14:03:24","guid":{"rendered":"https:\/\/krankenhauspfarramt.de\/index.php\/2021\/02\/12\/gedenken-an-die-opfer-der-corona-pandemie-ekd\/"},"modified":"2021-02-12T14:03:25","modified_gmt":"2021-02-12T14:03:25","slug":"gedenken-an-die-opfer-der-corona-pandemie-ekd","status":"publish","type":"post","link":"https:\/\/krankenhauspfarramt.de\/index.php\/2021\/02\/12\/gedenken-an-die-opfer-der-corona-pandemie-ekd\/","title":{"rendered":"Gedenken an die Opfer der Corona-Pandemie \u2013 EKD"},"content":{"rendered":"<p> <br \/>\n<\/p>\n<div id=\"\">\n<div class=\"article--meta article--meta__border clearfix\">\n<p>                                    <time datetime=\"12.02.2021 14:30\" class=\"article--time\">12.02.2021<\/time><strong class=\"article--type primus--overline\">Pressemitteilung<\/strong><\/p>\n<picture class=\"article--source-image image\"><source srcset=\"https:\/\/ekd.de\/ekd_de\/ds_img\/assets\/20170622_ekd-Quellenlogo_141.png\"><!--<source srcset=\"\/ekd_de\/ds_img\/assets\/20170622_ekd-Quellenlogo_141_rdax_141x59.png 1x, \/ekd_de\/ds_img\/assets\/20170622_ekd-Quellenlogo_141_rdax_282x118.png 2x, https:\/\/ekd.de\/ekd_de\/ds_img\/assets\/20170622_ekd-Quellenlogo_141.png 3x\">--><\/source><\/picture>\n<\/p><\/div>\n<h2 class=\"article--sub-headline primus--sub-headline\">\u00d6kumenischer Gottesdienst in Berlin geht staatlichem Gedenkakt voraus<\/h2>\n<\/p><\/div>\n<div id=\"\">\n<p>Mit einem \u00f6kumenischen Gottesdienst in der evangelischen Kaiser-Wilhelm-Ged\u00e4chtniskirche in Berlin wollen die beiden gro\u00dfen Kirchen am 18. April der Opfer der Corona-Pandemie gedenken. Im Anschluss an den Gottesdienst, zu dem auch die Vertreter der Verfassungsorgane eingeladen sind, findet in Berlin ein staatlicher Gedenkakt statt.\u00a0 Der Gedenkgottesdienst wird vom Ratsvorsitzenden der Evangelischen Kirche in Deutschland (EKD), Landesbischof Heinrich Bedford-Strohm, und dem Vorsitzenden der Deutschen Bischofskonferenz, Bischof Georg B\u00e4tzing, gemeinsam mit Vertretern anderer Religionen gestaltet.<\/p>\n<p><span style=\"background-attachment:scroll; background-clip:border-box; background-image:none; background-origin:padding-box; background-position:0% 0%; background-repeat:repeat; background-size:auto\"><span style=\"letter-spacing:.1pt\">\u201eUnsere verwundete Gesellschaft sehnt sich nach Heilung\u201c, sagte der EKD-Ratsvorsitzende Bedford-Strohm. \u201eDas aber setzt voraus, dass wir erst einmal Gelegenheit haben, auch gemeinsam zu trauern. Der Tod zehntausender Menschen w\u00e4hrend der Corona-Pandemie hat auf entsetzliche Weise L\u00fccken gerissen in Familien, Freundschaften, und in unserer Gesellschaft insgesamt.<\/span><\/span> Gro\u00dfe Verunsicherung gebe es auch bei Menschen, die nicht von einem Todesfall betroffen seien. Wir haben erlebt, wie das Vertraute weggebrochen ist, wie verletzlich wir sind. Darum wollen wir unsere Not gemeinsam vor Gott bringen\u201c, sagte Bedford-Strohm, \u201eauch und gerade weil wir wissen, dass die Pandemie und ihre Folgen l\u00e4ngst nicht \u00fcberwunden sind.\u201c<\/p>\n<p>Der Vorsitzende der Deutschen Bischofskonferenz, Bischof Georg B\u00e4tzing betonte: \u201eEs ist gut, dass wir in Kirchen und Staat der Opfer und Betroffenen der Pandemie gedenken. Das reiht sich gut in die vielf\u00e4ltigen Gedenkinitiativen ein, die es bereits gibt. Gerade den vielen Sterbenden konnten unsere Seelsorgerinnen und Seelsorger in den Krankenh\u00e4usern und Heimen nahe sein. Unsere N\u00e4he im Gebet und unsere Verbundenheit wollen wir mit diesem Gottesdienst allen Menschen in unserem Land ausdr\u00fccken. Wir machen am 18.\u00a0April, ganz in \u00f6sterlicher Hoffnung, deutlich: Gott ist ein Freund des Lebens. Die Verstorbenen sind in ihm geborgen. Niemand ist vergessen!\u201c<\/p>\n<p>Der Gedenk-Gottesdienst aus der Berliner Kaiser-Wilhelm-Ged\u00e4chtniskirche wird live in der ARD \u00fcbertragen.<\/p>\n<p class=\"EKDFlietext\">Hannover, 12. Februar 2021<\/p>\n<p class=\"EKDFlietext\">Pressestelle der EKD<br \/>Carsten Splitt<\/p>\n<p class=\"EKDFlietext\"><strong>Hinweis f\u00fcr die Redaktionen:<\/strong> Eine Presseeinladung mit Hinweisen zu den Berichterstattungsm\u00f6glichkeiten wird Ihnen rechtzeitig vor der Veranstaltung zugehen.<\/p>\n<\/div>\n","protected":false},"excerpt":{"rendered":"<p>12.02.2021Pressemitteilung \u00d6kumenischer Gottesdienst in Berlin geht staatlichem Gedenkakt voraus Mit einem \u00f6kumenischen Gottesdienst in der evangelischen Kaiser-Wilhelm-Ged\u00e4chtniskirche in Berlin wollen<\/p>\n","protected":false},"author":1,"featured_media":569,"comment_status":"closed","ping_status":"closed","sticky":false,"template":"","format":"standard","meta":{"footnotes":""},"categories":[20],"tags":[],"_links":{"self":[{"href":"https:\/\/krankenhauspfarramt.de\/index.php\/wp-json\/wp\/v2\/posts\/2915"}],"collection":[{"href":"https:\/\/krankenhauspfarramt.de\/index.php\/wp-json\/wp\/v2\/posts"}],"about":[{"href":"https:\/\/krankenhauspfarramt.de\/index.php\/wp-json\/wp\/v2\/types\/post"}],"author":[{"embeddable":true,"href":"https:\/\/krankenhauspfarramt.de\/index.php\/wp-json\/wp\/v2\/users\/1"}],"replies":[{"embeddable":true,"href":"https:\/\/krankenhauspfarramt.de\/index.php\/wp-json\/wp\/v2\/comments?post=2915"}],"version-history":[{"count":1,"href":"https:\/\/krankenhauspfarramt.de\/index.php\/wp-json\/wp\/v2\/posts\/2915\/revisions"}],"predecessor-version":[{"id":2916,"href":"https:\/\/krankenhauspfarramt.de\/index.php\/wp-json\/wp\/v2\/posts\/2915\/revisions\/2916"}],"wp:featuredmedia":[{"embeddable":true,"href":"https:\/\/krankenhauspfarramt.de\/index.php\/wp-json\/wp\/v2\/media\/569"}],"wp:attachment":[{"href":"https:\/\/krankenhauspfarramt.de\/index.php\/wp-json\/wp\/v2\/media?parent=2915"}],"wp:term":[{"taxonomy":"category","embeddable":true,"href":"https:\/\/krankenhauspfarramt.de\/index.php\/wp-json\/wp\/v2\/categories?post=2915"},{"taxonomy":"post_tag","embeddable":true,"href":"https:\/\/krankenhauspfarramt.de\/index.php\/wp-json\/wp\/v2\/tags?post=2915"}],"curies":[{"name":"wp","href":"https:\/\/api.w.org\/{rel}","templated":true}]}}