{"id":2920,"date":"2021-02-15T15:12:51","date_gmt":"2021-02-15T15:12:51","guid":{"rendered":"https:\/\/krankenhauspfarramt.de\/index.php\/2021\/02\/15\/orgel-des-monats-februar-2021-in-bentwisch-ekd\/"},"modified":"2021-02-15T15:12:53","modified_gmt":"2021-02-15T15:12:53","slug":"orgel-des-monats-februar-2021-in-bentwisch-ekd","status":"publish","type":"post","link":"https:\/\/krankenhauspfarramt.de\/index.php\/2021\/02\/15\/orgel-des-monats-februar-2021-in-bentwisch-ekd\/","title":{"rendered":"\u201eOrgel des Monats Februar 2021\u201c in Bentwisch \u2013 EKD"},"content":{"rendered":"<p> <br \/>\n<\/p>\n<div id=\"\">\n<div class=\"article--meta article--meta__border clearfix\">\n<p>                                    <time datetime=\"15.02.2021 15:00\" class=\"article--time\">15.02.2021<\/time><strong class=\"article--type primus--overline\">Pressemitteilung<\/strong><\/p>\n<\/p><\/div>\n<h2 class=\"article--sub-headline primus--sub-headline\">Guter Orgelklang f\u00fcr die Prignitz<\/h2>\n<\/p><\/div>\n<div id=\"\">\n<p>Die Orgel in der Dorfkirche Bentwisch, einem Ortsteil von Wittenberge (Brandenburg), ist die \u201eOrgel des Monats Februar 2021\u201c der Stiftung Orgelklang. Das Instrument wurde im Jahr 1900 von den Br\u00fcdern Paul und Oswald Dinse geschaffen, deren Orgelbaubetrieb damals der bedeutendste in Berlin war. Im Fr\u00fchjahr soll das Werk saniert werden; die von der Evangelischen Kirche in Deutschland (EKD) gegr\u00fcndete Stiftung Orgelklang f\u00f6rdert das Projekt mit 3.000 Euro.<\/p>\n<p>Nur wenige kleine Arbeiten sind an dem Instrument in Bentwisch von seiner Entstehung bis heute vorgenommen worden, daher ist es so gut wie original erhalten. Insbesondere die letzten trockenen Sommer haben der Orgel allerdings stark zugesetzt: Ihre Register lassen sich nicht mehr richtig ziehen, sie hat Risse im Holz, ihre Pfeifen klingen oft schr\u00e4g; Pfeifenwerk, Windladen und Spieltisch m\u00fcssen \u00fcberarbeitet werden. Au\u00dferdem muss das Instrument vom Holzschutzmittel gereinigt werden. Die Sanierung wird rund 34.000 Euro kosten.<\/p>\n<p>\u201eDie Orgel ist der Gemeinde wichtig, sie geh\u00f6rt wie die Kirche einfach dazu\u201c, betont Pfarrerin Mareike Sabl. Selbstverst\u00e4ndlich sammeln die Bentwischer Spenden f\u00fcr die Restaurierung, wann immer es m\u00f6glich ist: Kollekten kommen der Orgel zugute, ebenso Einnahmen aus Chorkonzerten und Kuchenverkauf bei Gemeindefesten, die vor Corona stattfanden. \u201eIm Moment sind wir nat\u00fcrlich sehr eingeschr\u00e4nkt.\u201c<\/p>\n<p>Sobald die Dinse-Orgel instand gesetzt ist und die Infektionslage es wieder zul\u00e4sst, wird sich die Gemeinde auch an dem Projekt \u201eOrgelklang Prignitz\u201c beteiligen, das die Kreiskantorin Susanne Krau 2019 ins Leben gerufen hat: Sie unterrichtet musikalische Laien an den Orgeln in ihren D\u00f6rfern und St\u00e4dten, damit mehr Menschen bef\u00e4higt werden, Gottesdienste musikalisch zu begleiten.<\/p>\n<p><em>Die Stiftung Orgelklang der Evangelischen Kirche in Deutschland (EKD) pr\u00e4sentiert in jedem Monat eine \u201eOrgel des Monats\u201c. In diesem Jahr f\u00f6rdert sie 15 Projekte in einem Gesamtumfang von 55.000 Euro (bzw. 110.000 Euro inkl. Projektspenden). Seit 2010 hat sie 236 F\u00f6rderzusagen \u00fcber mehr als 1,4 Millionen Euro gegeben (bzw. mehr als 1,9 Millionen Euro inkl. Projektspenden). Weitere Informationen finden Sie im Internet unter <\/em><em>www.stiftung-orgelklang.de<\/em><em>.<\/em><\/p>\n<p class=\"EKDAdressdaten\">Hannover, 15. Februar 2021<\/p>\n<p class=\"EKDAdressdaten\">Pressestelle der EKD<\/p>\n<\/div>\n","protected":false},"excerpt":{"rendered":"<p>15.02.2021Pressemitteilung Guter Orgelklang f\u00fcr die Prignitz Die Orgel in der Dorfkirche Bentwisch, einem Ortsteil von Wittenberge (Brandenburg), ist die \u201eOrgel<\/p>\n","protected":false},"author":1,"featured_media":2921,"comment_status":"closed","ping_status":"closed","sticky":false,"template":"","format":"standard","meta":{"footnotes":""},"categories":[20],"tags":[],"_links":{"self":[{"href":"https:\/\/krankenhauspfarramt.de\/index.php\/wp-json\/wp\/v2\/posts\/2920"}],"collection":[{"href":"https:\/\/krankenhauspfarramt.de\/index.php\/wp-json\/wp\/v2\/posts"}],"about":[{"href":"https:\/\/krankenhauspfarramt.de\/index.php\/wp-json\/wp\/v2\/types\/post"}],"author":[{"embeddable":true,"href":"https:\/\/krankenhauspfarramt.de\/index.php\/wp-json\/wp\/v2\/users\/1"}],"replies":[{"embeddable":true,"href":"https:\/\/krankenhauspfarramt.de\/index.php\/wp-json\/wp\/v2\/comments?post=2920"}],"version-history":[{"count":1,"href":"https:\/\/krankenhauspfarramt.de\/index.php\/wp-json\/wp\/v2\/posts\/2920\/revisions"}],"predecessor-version":[{"id":2922,"href":"https:\/\/krankenhauspfarramt.de\/index.php\/wp-json\/wp\/v2\/posts\/2920\/revisions\/2922"}],"wp:featuredmedia":[{"embeddable":true,"href":"https:\/\/krankenhauspfarramt.de\/index.php\/wp-json\/wp\/v2\/media\/2921"}],"wp:attachment":[{"href":"https:\/\/krankenhauspfarramt.de\/index.php\/wp-json\/wp\/v2\/media?parent=2920"}],"wp:term":[{"taxonomy":"category","embeddable":true,"href":"https:\/\/krankenhauspfarramt.de\/index.php\/wp-json\/wp\/v2\/categories?post=2920"},{"taxonomy":"post_tag","embeddable":true,"href":"https:\/\/krankenhauspfarramt.de\/index.php\/wp-json\/wp\/v2\/tags?post=2920"}],"curies":[{"name":"wp","href":"https:\/\/api.w.org\/{rel}","templated":true}]}}