{"id":2923,"date":"2021-02-16T11:35:58","date_gmt":"2021-02-16T11:35:58","guid":{"rendered":"https:\/\/krankenhauspfarramt.de\/index.php\/2021\/02\/16\/wir-tragen-verantwortung-fuer-die-art-wie-wir-wirtschaften-ekd\/"},"modified":"2021-02-16T11:36:00","modified_gmt":"2021-02-16T11:36:00","slug":"wir-tragen-verantwortung-fuer-die-art-wie-wir-wirtschaften-ekd","status":"publish","type":"post","link":"https:\/\/krankenhauspfarramt.de\/index.php\/2021\/02\/16\/wir-tragen-verantwortung-fuer-die-art-wie-wir-wirtschaften-ekd\/","title":{"rendered":"\u201eWir tragen Verantwortung f\u00fcr die Art, wie wir wirtschaften\u201c \u2013 EKD"},"content":{"rendered":"<p> <br \/>\n<\/p>\n<div id=\"\">\n<div class=\"article--meta article--meta__border clearfix\">\n<p>                                    <time datetime=\"16.02.2021 09:45\" class=\"article--time\">16.02.2021<\/time><strong class=\"article--type primus--overline\">Pressemitteilung<\/strong><\/p>\n<\/p><\/div>\n<h2 class=\"article--sub-headline primus--sub-headline\">EKD-Text zu globalen Lieferketten erschienen<\/h2>\n<\/p><\/div>\n<div id=\"\">\n<p><span style=\"text-autospace:none\">In der vergangenen Woche hat sich die gro\u00dfe Koalition auf einen Entwurf f\u00fcr ein Lieferkettengesetz geeinigt. Das geplante Gesetz soll gro\u00dfe deutsche Firmen dazu verpflichten, auch bei ihren ausl\u00e4ndischen Zulieferern auf die Einhaltung von Menschenrechten und auf Umweltschutz zu achten. Auf genau diese Verantwortung geht der heute erschienene EKD-Text 135 mit dem Titel \u201eVerantwortung in globalen Lieferketten &#8211; Ihre menschenrechtliche und sozial-\u00f6kologische Gestaltung aus evangelischer Perspektive\u201c ein<\/span><\/p>\n<p>\u201eWir tragen Verantwortung f\u00fcr die Art, wie wir wirtschaften. Das ergibt sich aus den biblischen Grundorientierungen und den daraus erwachsenden ethischen \u00dcberlegungen. Die Verantwortung liegt sowohl bei den Unternehmen und bei der Politik als auch bei den Verbraucherinnen und Verbraucher\u201c, sagt der Ratsvorsitzende der Evangelischen Kirche in Deutschland (EKD), Landesbischof Heinrich Bedford-Strohm. In einer globalisierten Welt k\u00f6nne sozial-\u00f6kologische und menschenrechtliche Verantwortung jedoch nicht an den Grenzen eines Landes enden. \u201eDiese Verantwortung muss sich entlang der gesamten Wirtschaftsbeziehungen und Lieferketten eines Produktes zeigen, von Entwurf und Design \u00fcber Rohstoffgewinnung und -verarbeitung bis hin zu Produktion, Handel und Entsorgung.\u201c<\/p>\n<p class=\"EKDAdressdaten\">Das von der EKD-Kammer f\u00fcr nachhaltige Entwicklung herausgegebene Impulspapier wagt zudem einen Ausblick auf das globale Handeln nach der Corona-Pandemie und erl\u00e4utert aus evangelischer Perspektive, wie nachhaltiges Wirtschaften gelingen kann. Mit der Formulierung von \u201ezehn zentralen politischen Handlungsoptionen auf nationalstaatlicher und multilateraler Ebene\u201c bietet es einen wichtigen theologisch-ethischen Beitrag f\u00fcr die aktuelle Diskussion.<\/p>\n<p class=\"EKDAdressdaten\">Der Text steht als PDF-Datei zum Download auf www.ekd.de\/lieferketten<\/p>\n<p class=\"EKDAdressdaten\">Gedruckte Exemplare k\u00f6nnen zum Preis von 2,10 Euro per E-Mail an versand@ekd.de bestellt werden.<\/p>\n<p class=\"EKDAdressdaten\">Hannover, 15. Februar 2021<\/p>\n<p class=\"EKDAdressdaten\">Pressestelle der EKD<br \/>Annika Lukas<\/p>\n<\/div>\n","protected":false},"excerpt":{"rendered":"<p>16.02.2021Pressemitteilung EKD-Text zu globalen Lieferketten erschienen In der vergangenen Woche hat sich die gro\u00dfe Koalition auf einen Entwurf f\u00fcr ein<\/p>\n","protected":false},"author":1,"featured_media":2924,"comment_status":"closed","ping_status":"closed","sticky":false,"template":"","format":"standard","meta":{"footnotes":""},"categories":[20],"tags":[],"_links":{"self":[{"href":"https:\/\/krankenhauspfarramt.de\/index.php\/wp-json\/wp\/v2\/posts\/2923"}],"collection":[{"href":"https:\/\/krankenhauspfarramt.de\/index.php\/wp-json\/wp\/v2\/posts"}],"about":[{"href":"https:\/\/krankenhauspfarramt.de\/index.php\/wp-json\/wp\/v2\/types\/post"}],"author":[{"embeddable":true,"href":"https:\/\/krankenhauspfarramt.de\/index.php\/wp-json\/wp\/v2\/users\/1"}],"replies":[{"embeddable":true,"href":"https:\/\/krankenhauspfarramt.de\/index.php\/wp-json\/wp\/v2\/comments?post=2923"}],"version-history":[{"count":1,"href":"https:\/\/krankenhauspfarramt.de\/index.php\/wp-json\/wp\/v2\/posts\/2923\/revisions"}],"predecessor-version":[{"id":2925,"href":"https:\/\/krankenhauspfarramt.de\/index.php\/wp-json\/wp\/v2\/posts\/2923\/revisions\/2925"}],"wp:featuredmedia":[{"embeddable":true,"href":"https:\/\/krankenhauspfarramt.de\/index.php\/wp-json\/wp\/v2\/media\/2924"}],"wp:attachment":[{"href":"https:\/\/krankenhauspfarramt.de\/index.php\/wp-json\/wp\/v2\/media?parent=2923"}],"wp:term":[{"taxonomy":"category","embeddable":true,"href":"https:\/\/krankenhauspfarramt.de\/index.php\/wp-json\/wp\/v2\/categories?post=2923"},{"taxonomy":"post_tag","embeddable":true,"href":"https:\/\/krankenhauspfarramt.de\/index.php\/wp-json\/wp\/v2\/tags?post=2923"}],"curies":[{"name":"wp","href":"https:\/\/api.w.org\/{rel}","templated":true}]}}