{"id":2929,"date":"2021-02-17T18:15:29","date_gmt":"2021-02-17T18:15:29","guid":{"rendered":"https:\/\/krankenhauspfarramt.de\/index.php\/2021\/02\/17\/bedford-strohm-fordert-mehr-impfstoff-fuer-arme-laender-ekd\/"},"modified":"2021-02-17T18:15:30","modified_gmt":"2021-02-17T18:15:30","slug":"bedford-strohm-fordert-mehr-impfstoff-fuer-arme-laender-ekd","status":"publish","type":"post","link":"https:\/\/krankenhauspfarramt.de\/index.php\/2021\/02\/17\/bedford-strohm-fordert-mehr-impfstoff-fuer-arme-laender-ekd\/","title":{"rendered":"Bedford-Strohm fordert mehr Impfstoff f\u00fcr arme L\u00e4nder \u2013 EKD"},"content":{"rendered":"<p> <br \/>\n<\/p>\n<div>\n<p>Alle politischen und finanziellen Kr\u00e4fte m\u00fcssten mobilisiert werden, um den finanzschwachen L\u00e4ndern zu helfen, eine wirksame Impfstrategie aufzubauen, fordert Bedford-Strohm. Hilfe f\u00fcr diese L\u00e4nder sei &#8222;noch lange nicht in Sicht&#8220;, trotz der Covax-Initiative, die f\u00fcr eine gerechte weltweite Verteilung des Impfstoffs sorgen will. Man m\u00fcsse rechtzeitig sehen, wo sich die reicheren L\u00e4nder schuldig zu machen drohen. &#8222;Ein afrikanisches Menschenleben ist genauso viel wert wie ein europ\u00e4isches oder amerikanisches&#8220;, betont der Theologe.<\/p>\n<p>Zudem ruft Bedford-Strohm dazu auf, sich impfen zu lassen. Die Bereitschaft dazu geh\u00f6re zum Solidarischsein, schreibt er: &#8222;Sosehr jeder Eingriff in den eigenen K\u00f6rper auf der eigenen Entscheidung beruhen sollte, am Ende ist das Sich-Impfen-Lassen auch Ausdruck von N\u00e4chstenliebe.&#8220; Mit geringer Impfbereitschaft steige das Risiko, dass das Virus sich wieder ausbreitet und Menschen gef\u00e4hrdet.<\/p>\n<\/p><\/div>\n","protected":false},"excerpt":{"rendered":"<p>Alle politischen und finanziellen Kr\u00e4fte m\u00fcssten mobilisiert werden, um den finanzschwachen L\u00e4ndern zu helfen, eine wirksame Impfstrategie aufzubauen, fordert Bedford-Strohm.<\/p>\n","protected":false},"author":1,"featured_media":2612,"comment_status":"closed","ping_status":"closed","sticky":false,"template":"","format":"standard","meta":{"footnotes":""},"categories":[20],"tags":[],"_links":{"self":[{"href":"https:\/\/krankenhauspfarramt.de\/index.php\/wp-json\/wp\/v2\/posts\/2929"}],"collection":[{"href":"https:\/\/krankenhauspfarramt.de\/index.php\/wp-json\/wp\/v2\/posts"}],"about":[{"href":"https:\/\/krankenhauspfarramt.de\/index.php\/wp-json\/wp\/v2\/types\/post"}],"author":[{"embeddable":true,"href":"https:\/\/krankenhauspfarramt.de\/index.php\/wp-json\/wp\/v2\/users\/1"}],"replies":[{"embeddable":true,"href":"https:\/\/krankenhauspfarramt.de\/index.php\/wp-json\/wp\/v2\/comments?post=2929"}],"version-history":[{"count":1,"href":"https:\/\/krankenhauspfarramt.de\/index.php\/wp-json\/wp\/v2\/posts\/2929\/revisions"}],"predecessor-version":[{"id":2930,"href":"https:\/\/krankenhauspfarramt.de\/index.php\/wp-json\/wp\/v2\/posts\/2929\/revisions\/2930"}],"wp:featuredmedia":[{"embeddable":true,"href":"https:\/\/krankenhauspfarramt.de\/index.php\/wp-json\/wp\/v2\/media\/2612"}],"wp:attachment":[{"href":"https:\/\/krankenhauspfarramt.de\/index.php\/wp-json\/wp\/v2\/media?parent=2929"}],"wp:term":[{"taxonomy":"category","embeddable":true,"href":"https:\/\/krankenhauspfarramt.de\/index.php\/wp-json\/wp\/v2\/categories?post=2929"},{"taxonomy":"post_tag","embeddable":true,"href":"https:\/\/krankenhauspfarramt.de\/index.php\/wp-json\/wp\/v2\/tags?post=2929"}],"curies":[{"name":"wp","href":"https:\/\/api.w.org\/{rel}","templated":true}]}}