{"id":2934,"date":"2021-02-18T14:39:08","date_gmt":"2021-02-18T14:39:08","guid":{"rendered":"https:\/\/krankenhauspfarramt.de\/index.php\/2021\/02\/18\/klug-und-wegweisend-gewirkt-ekd\/"},"modified":"2021-02-18T14:39:10","modified_gmt":"2021-02-18T14:39:10","slug":"klug-und-wegweisend-gewirkt-ekd","status":"publish","type":"post","link":"https:\/\/krankenhauspfarramt.de\/index.php\/2021\/02\/18\/klug-und-wegweisend-gewirkt-ekd\/","title":{"rendered":"\u201eKlug und wegweisend gewirkt\u201c \u2013 EKD"},"content":{"rendered":"<p> <br \/>\n<\/p>\n<div id=\"\">\n<p>Der Jurist Valentin Schmidt, der das Kirchenamt der Evangelischen Kirche in Deutschland (EKD) in Hannover von 1997 bis 2006 leitete, feiert heute seinen 80.\u00a0Geburtstag. Der Jubilar ist auch noch im Ruhestand ehrenamtlich aktiv und ist u. a. seit 2013 Vorsitzender des Kuratoriums der Klosterkammer Hannover, die vier Stiftungen mit Verm\u00f6gen aus ehemals kirchlichem Besitz verwaltet.<\/p>\n<p>Zu seinem Ehrentag gratuliert der Pr\u00e4sident des Kirchenamtes der EKD Hans Ulrich Anke: \u201eMit gro\u00dfer Dankbarkeit denken wir an Deinen Dienst in der Evangelischen Kirche in Deutschland. Man hat Dir immer angemerkt, dass Dein Lebens- und Arbeits-Motto ist, wovon der Wochenpsalm f\u00fcr diese Woche Deines Geburtstages k\u00fcndet: \u201eHerr, auf dich traue ich&#8230; Ich freue mich und bin fr\u00f6hlich \u00fcber deine G\u00fcte\u201c (Psalm 31 V. 2 ff). Dieses Vertrauen, dass Gott uns \u201estarker Fels und eine feste Burg\u201c ist, hat Dir Fr\u00f6hlichkeit und Freiheit und Tatkraft bei den Aufgaben in der Kirche geschenkt. Und es hat Deinen Leitungsdienst in der EKD erkennbar gepr\u00e4gt: Man soll uns Christen immer deutlich anmerken k\u00f6nnen, dass wir aus Gottes Liebe und G\u00fcte heraus leben. Du hast das \u00fcberzeugend gelebt, bei der Arbeit im EKD-Kirchenamt wie in den Beratungen von Leitungsgremien, in vielen anderen Aufgaben in Kirche und Politik, in Kultur und Sport und fr\u00f6hlich-zuversichtlich auch in die gesellschaftliche \u00d6ffentlichkeit hinein. So hast Du an vielen Stellen klug und wegweisend gewirkt, im Kirchenamt auch mit eindrucksvoll zu Herz und Verstand gehenden Andachten, beim Deutschen Evangelischen Kirchentag, als Vorsitzender des Rundfunkrates der Deutschen Welle und im Miteinander von Kirche und Sport.\u201c<\/p>\n<p>Hannover, 18. Februar 2021<\/p>\n<p>Pressestelle der EKD<br \/>Annika Lukas<\/p>\n<\/div>\n","protected":false},"excerpt":{"rendered":"<p>Der Jurist Valentin Schmidt, der das Kirchenamt der Evangelischen Kirche in Deutschland (EKD) in Hannover von 1997 bis 2006 leitete,<\/p>\n","protected":false},"author":1,"featured_media":677,"comment_status":"closed","ping_status":"closed","sticky":false,"template":"","format":"standard","meta":{"footnotes":""},"categories":[20],"tags":[],"_links":{"self":[{"href":"https:\/\/krankenhauspfarramt.de\/index.php\/wp-json\/wp\/v2\/posts\/2934"}],"collection":[{"href":"https:\/\/krankenhauspfarramt.de\/index.php\/wp-json\/wp\/v2\/posts"}],"about":[{"href":"https:\/\/krankenhauspfarramt.de\/index.php\/wp-json\/wp\/v2\/types\/post"}],"author":[{"embeddable":true,"href":"https:\/\/krankenhauspfarramt.de\/index.php\/wp-json\/wp\/v2\/users\/1"}],"replies":[{"embeddable":true,"href":"https:\/\/krankenhauspfarramt.de\/index.php\/wp-json\/wp\/v2\/comments?post=2934"}],"version-history":[{"count":1,"href":"https:\/\/krankenhauspfarramt.de\/index.php\/wp-json\/wp\/v2\/posts\/2934\/revisions"}],"predecessor-version":[{"id":2935,"href":"https:\/\/krankenhauspfarramt.de\/index.php\/wp-json\/wp\/v2\/posts\/2934\/revisions\/2935"}],"wp:featuredmedia":[{"embeddable":true,"href":"https:\/\/krankenhauspfarramt.de\/index.php\/wp-json\/wp\/v2\/media\/677"}],"wp:attachment":[{"href":"https:\/\/krankenhauspfarramt.de\/index.php\/wp-json\/wp\/v2\/media?parent=2934"}],"wp:term":[{"taxonomy":"category","embeddable":true,"href":"https:\/\/krankenhauspfarramt.de\/index.php\/wp-json\/wp\/v2\/categories?post=2934"},{"taxonomy":"post_tag","embeddable":true,"href":"https:\/\/krankenhauspfarramt.de\/index.php\/wp-json\/wp\/v2\/tags?post=2934"}],"curies":[{"name":"wp","href":"https:\/\/api.w.org\/{rel}","templated":true}]}}