{"id":2936,"date":"2021-02-19T13:44:50","date_gmt":"2021-02-19T13:44:50","guid":{"rendered":"https:\/\/krankenhauspfarramt.de\/index.php\/2021\/02\/19\/ekd-ratsvorsitzender-erinnert-an-opfer-von-hanau-ekd\/"},"modified":"2021-02-19T13:44:52","modified_gmt":"2021-02-19T13:44:52","slug":"ekd-ratsvorsitzender-erinnert-an-opfer-von-hanau-ekd","status":"publish","type":"post","link":"https:\/\/krankenhauspfarramt.de\/index.php\/2021\/02\/19\/ekd-ratsvorsitzender-erinnert-an-opfer-von-hanau-ekd\/","title":{"rendered":"EKD-Ratsvorsitzender erinnert an Opfer von Hanau \u2013 EKD"},"content":{"rendered":"<p> <br \/>\n<\/p>\n<div id=\"\">\n<div class=\"article--meta article--meta__border clearfix\">\n<p>                                    <time datetime=\"19.02.2021 06:58\" class=\"article--time\">19.02.2021<\/time><strong class=\"article--type primus--overline\">Pressemitteilung<\/strong><\/p>\n<picture class=\"article--source-image image\"><source srcset=\"https:\/\/ekd.de\/ekd_de\/ds_img\/assets\/20170622_ekd-Quellenlogo_141.png\"><!--<source srcset=\"\/ekd_de\/ds_img\/assets\/20170622_ekd-Quellenlogo_141_rdax_141x59.png 1x, \/ekd_de\/ds_img\/assets\/20170622_ekd-Quellenlogo_141_rdax_282x118.png 2x, https:\/\/ekd.de\/ekd_de\/ds_img\/assets\/20170622_ekd-Quellenlogo_141.png 3x\">--><\/source><\/picture>\n<\/p><\/div>\n<h2 class=\"article--sub-headline primus--sub-headline\">Bedford-Strohm: \u201eDie Angeh\u00f6rigen der Opfer leiden bis heute\u201c<\/h2>\n<\/p><\/div>\n<div id=\"\">\n<p>Der Ratsvorsitzende der Evangelischen Kirche in Deutschland (EKD), Landesbischof Heinrich Bedford-Strohm, hat anl\u00e4sslich des Jahrestags des rassistischen Anschlags von Hanau an das Leid der Opfer und ihrer Angeh\u00f6rigen erinnert und dazu aufgerufen, wachsam gegen\u00fcber Rassismus zu bleiben.<\/p>\n<p>In einem heute auf seinem Facebook-Kanal ver\u00f6ffentlichten Video zitiert Bedford-Strohm einen Vers aus dem biblischen Buch Amos. \u201eSollte nicht um solcher Taten Willen das Land erbeben m\u00fcssen und alle Bewohner trauern?\u201c (Amos 8,8). Die Frage des Amos stelle sich auch im Blick auf diesen schrecklichen Anschlag. \u201eWir haben fast schon wieder vergessen, was damals passiert ist. Die Angeh\u00f6rigen der Opfer aber leiden bis heute. Und zwar nicht nur unter dem schrecklichen Verlust ihrer Lieben, sondern auch unter Erfahrungen von Rassismus beim Umgang mit den Morden\u201c, so der Ratsvorsitzende Bedford-Strohm. \u201eJa, in Deutschland gibt es Rassismus. Offenen und versteckten. Jeder m\u00f6ge sich selbst daraufhin pr\u00fcfen. Am heutigen Jahrestag des rassistischen Anschlags von Hanau aber ist das Wichtigste: Trauern und Mitf\u00fchlen. Trauern um kostbare Menschen, die der Gewalt zum Opfer gefallen sind. Und Mitf\u00fchlen mit dem Schmerz der Angeh\u00f6rigen, die ihre Lieben so sehr vermissen.\u201c<\/p>\n<p>Heute vor einem Jahr hatte ein rechtsextremer T\u00e4ter in Hanau innerhalb weniger Minuten aus rassistischen Motiven neun Menschen ermordet und anschlie\u00dfend seine Mutter und sich selbst erschossen. Am heutigen Freitag, 19. Februar, wird die Hanauer Marienkirche von 12 bis 20 Uhr unter Corona-Bedingungen ge\u00f6ffnet sein. Zu jeder vollen Stunde wird es ein musikalisch umrahmtes Friedensgebet geben. Das Gedenken soll nicht nur vor Ort, sondern auch im Internet stattfinden. Auf www.ekkw.de werden Gebete f\u00fcr die Opfer des Anschlags in Hanau ver\u00f6ffentlicht.<\/p>\n<p>Hinweis: Das Video des EKD-Ratsvorsitzenden ist abrufbar unter facebook.com\/landesbischof oder https:\/\/youtu.be\/PEWDqi3FbB0.<\/p>\n<p>Hannover, 19. Februar 2021<\/p>\n<p class=\"EKDFlietext\">Pressestelle der EKD<br \/>Carsten Splitt<\/p>\n<\/div>\n","protected":false},"excerpt":{"rendered":"<p>19.02.2021Pressemitteilung Bedford-Strohm: \u201eDie Angeh\u00f6rigen der Opfer leiden bis heute\u201c Der Ratsvorsitzende der Evangelischen Kirche in Deutschland (EKD), Landesbischof Heinrich Bedford-Strohm,<\/p>\n","protected":false},"author":1,"featured_media":2937,"comment_status":"closed","ping_status":"closed","sticky":false,"template":"","format":"standard","meta":{"footnotes":""},"categories":[20],"tags":[],"_links":{"self":[{"href":"https:\/\/krankenhauspfarramt.de\/index.php\/wp-json\/wp\/v2\/posts\/2936"}],"collection":[{"href":"https:\/\/krankenhauspfarramt.de\/index.php\/wp-json\/wp\/v2\/posts"}],"about":[{"href":"https:\/\/krankenhauspfarramt.de\/index.php\/wp-json\/wp\/v2\/types\/post"}],"author":[{"embeddable":true,"href":"https:\/\/krankenhauspfarramt.de\/index.php\/wp-json\/wp\/v2\/users\/1"}],"replies":[{"embeddable":true,"href":"https:\/\/krankenhauspfarramt.de\/index.php\/wp-json\/wp\/v2\/comments?post=2936"}],"version-history":[{"count":1,"href":"https:\/\/krankenhauspfarramt.de\/index.php\/wp-json\/wp\/v2\/posts\/2936\/revisions"}],"predecessor-version":[{"id":2938,"href":"https:\/\/krankenhauspfarramt.de\/index.php\/wp-json\/wp\/v2\/posts\/2936\/revisions\/2938"}],"wp:featuredmedia":[{"embeddable":true,"href":"https:\/\/krankenhauspfarramt.de\/index.php\/wp-json\/wp\/v2\/media\/2937"}],"wp:attachment":[{"href":"https:\/\/krankenhauspfarramt.de\/index.php\/wp-json\/wp\/v2\/media?parent=2936"}],"wp:term":[{"taxonomy":"category","embeddable":true,"href":"https:\/\/krankenhauspfarramt.de\/index.php\/wp-json\/wp\/v2\/categories?post=2936"},{"taxonomy":"post_tag","embeddable":true,"href":"https:\/\/krankenhauspfarramt.de\/index.php\/wp-json\/wp\/v2\/tags?post=2936"}],"curies":[{"name":"wp","href":"https:\/\/api.w.org\/{rel}","templated":true}]}}