{"id":2964,"date":"2021-02-26T17:39:57","date_gmt":"2021-02-26T17:39:57","guid":{"rendered":"https:\/\/krankenhauspfarramt.de\/index.php\/2021\/02\/26\/ubskm-und-ekd-wollen-aufarbeitung-in-der-evangelischen-kirche-voranbringen-ekd\/"},"modified":"2021-02-26T17:39:59","modified_gmt":"2021-02-26T17:39:59","slug":"ubskm-und-ekd-wollen-aufarbeitung-in-der-evangelischen-kirche-voranbringen-ekd","status":"publish","type":"post","link":"https:\/\/krankenhauspfarramt.de\/index.php\/2021\/02\/26\/ubskm-und-ekd-wollen-aufarbeitung-in-der-evangelischen-kirche-voranbringen-ekd\/","title":{"rendered":"UBSKM und EKD wollen Aufarbeitung in der evangelischen Kirche voranbringen \u2013 EKD"},"content":{"rendered":"<p> <br \/>\n<\/p>\n<div id=\"\">\n<div class=\"article--meta article--meta__border clearfix\">\n<p>                                    <time datetime=\"26.02.2021 10:45\" class=\"article--time\">26.02.2021<\/time><strong class=\"article--type primus--overline\">Pressemitteilung<\/strong><\/p>\n<picture class=\"article--source-image image\"><source srcset=\"https:\/\/ekd.de\/ekd_de\/ds_img\/assets\/20170622_ekd-Quellenlogo_141_rdax_423x118.png\"><!--<source srcset=\"\/ekd_de\/ds_img\/assets\/20170622_ekd-Quellenlogo_141_rdax_141x39.png 1x, \/ekd_de\/ds_img\/assets\/20170622_ekd-Quellenlogo_141_rdax_282x78.png 2x, https:\/\/ekd.de\/ekd_de\/ds_img\/assets\/20170622_ekd-Quellenlogo_141_rdax_423x118.png 3x\">--><\/source><\/picture>\n<\/p><\/div>\n<h2 class=\"article--sub-headline primus--sub-headline\">An einem Arbeitstreffen von UBSKM und EKD nahmen auch Mitglieder des Betroffenenbeirats der EKD teil<\/h2>\n<\/p><\/div>\n<div id=\"\">\n<p class=\"EKDAdressdaten\">Am Donnerstag (25.2.2021) hat der Beauftragtenrat der Evangelischen Kirche in Deutschland (EKD) mit dem Unabh\u00e4ngigen Beauftragten f\u00fcr Fragen des sexuellen Kindesmissbrauchs (UBSKM), Johannes-Wilhelm R\u00f6rig, bei einem Arbeitstreffen (digitales Format) \u00fcber n\u00e4chste Schritte bei der unabh\u00e4ngigen Aufarbeitung von sexualisierter Gewalt in der evangelischen Kirche beraten. Mit an den Beratungen teilgenommen haben die beim UBSKM eingerichtete Arbeitsgruppe \u201eAufarbeitung Kirchen\u201c sowie erstmals auch zwei Mitglieder des neu gegr\u00fcndeten Betroffenenbeirats der EKD.<\/p>\n<p class=\"EKDAdressdaten\">Im Vordergrund des Treffens stand die Weiterarbeit an Eckpunkten f\u00fcr eine \u201eGemeinsame Erkl\u00e4rung\u201c zwischen der EKD und dem Unabh\u00e4ngigen\u00a0 Beauftragten zu strukturellen Grundlagen der unabh\u00e4ngigen Aufarbeitung von sexualisierter Gewalt im evangelischen Bereich. Das Gespr\u00e4ch fand in einer sehr konstruktiven Atmosph\u00e4re statt. Zwischen EKD und UBSKM besteht Einvernehmen, dass eine \u201eGemeinsame Erkl\u00e4rung\u201c zur Aufarbeitung f\u00fcr den evangelischen Bereich noch im Verlauf dieses Jahr final formuliert werden soll.<\/p>\n<p class=\"EKDAdressdaten\">Der Sprecher des EKD-Beauftragtenrates, Landesbischof Christoph Meyns, sagte nach dem Treffen: \u201eDass Menschen in der Evangelischen Kirche sexualisierte Gewalt erlitten haben, schmerzt uns unermesslich. Mit dem UBSKM verbindet uns von Anfang an das Ziel einer l\u00fcckenlosen Aufarbeitung. Wir wollen erlittenes Unrecht aufdecken und k\u00fcnftiges Leid vermeiden.\u201c<\/p>\n<p class=\"EKDAdressdaten\">R\u00f6rig betonte die Bedeutung von unabh\u00e4ngiger Aufarbeitung: \u201eIch freue mich sehr, dass heute auch der neu gegr\u00fcndete Betroffenenbeirat der EKD an dem Treffen teilgenommen hat. Unabh\u00e4ngige Aufarbeitung braucht klare Strukturen externer Expertise &#8211; und die wichtige Einbeziehung von Betroffenen. Wenn ich auf den aktuellen Prozess blicke, bin ich zuversichtlich, dass wir auch f\u00fcr den evangelischen Bereich noch in diesem Jahr eine Erkl\u00e4rung zu Standards und Kriterien unabh\u00e4ngiger Aufarbeitung unterschreiben k\u00f6nnen.\u201c<\/p>\n<p class=\"EKDAdressdaten\">Hannover, 26. Februar 2021<\/p>\n<p class=\"EKDAdressdaten\">Pressestelle der EKD<br \/>Carsten Splitt<\/p>\n<p class=\"EKDAdressdaten\">Informationen zu Pr\u00e4vention und Aufarbeitung sexualisierter Gewalt in der Evangelischen Kirche finden Sie unter www.ekd.de\/Missbrauch und www.hinschauen-helfen-handeln.de.<\/p>\n<p class=\"EKDAdressdaten\">Informationen zur Arbeit der AG \u201eAufarbeitung Kirche\u201c des UBSKM finden Sie hier: https:\/\/beauftragter-missbrauch.de\/aufarbeitung\/aufarbeitung-in-deutschland<\/p>\n<\/div>\n","protected":false},"excerpt":{"rendered":"<p>26.02.2021Pressemitteilung An einem Arbeitstreffen von UBSKM und EKD nahmen auch Mitglieder des Betroffenenbeirats der EKD teil Am Donnerstag (25.2.2021) hat<\/p>\n","protected":false},"author":1,"featured_media":569,"comment_status":"closed","ping_status":"closed","sticky":false,"template":"","format":"standard","meta":{"footnotes":""},"categories":[20],"tags":[],"_links":{"self":[{"href":"https:\/\/krankenhauspfarramt.de\/index.php\/wp-json\/wp\/v2\/posts\/2964"}],"collection":[{"href":"https:\/\/krankenhauspfarramt.de\/index.php\/wp-json\/wp\/v2\/posts"}],"about":[{"href":"https:\/\/krankenhauspfarramt.de\/index.php\/wp-json\/wp\/v2\/types\/post"}],"author":[{"embeddable":true,"href":"https:\/\/krankenhauspfarramt.de\/index.php\/wp-json\/wp\/v2\/users\/1"}],"replies":[{"embeddable":true,"href":"https:\/\/krankenhauspfarramt.de\/index.php\/wp-json\/wp\/v2\/comments?post=2964"}],"version-history":[{"count":1,"href":"https:\/\/krankenhauspfarramt.de\/index.php\/wp-json\/wp\/v2\/posts\/2964\/revisions"}],"predecessor-version":[{"id":2965,"href":"https:\/\/krankenhauspfarramt.de\/index.php\/wp-json\/wp\/v2\/posts\/2964\/revisions\/2965"}],"wp:featuredmedia":[{"embeddable":true,"href":"https:\/\/krankenhauspfarramt.de\/index.php\/wp-json\/wp\/v2\/media\/569"}],"wp:attachment":[{"href":"https:\/\/krankenhauspfarramt.de\/index.php\/wp-json\/wp\/v2\/media?parent=2964"}],"wp:term":[{"taxonomy":"category","embeddable":true,"href":"https:\/\/krankenhauspfarramt.de\/index.php\/wp-json\/wp\/v2\/categories?post=2964"},{"taxonomy":"post_tag","embeddable":true,"href":"https:\/\/krankenhauspfarramt.de\/index.php\/wp-json\/wp\/v2\/tags?post=2964"}],"curies":[{"name":"wp","href":"https:\/\/api.w.org\/{rel}","templated":true}]}}