{"id":3010,"date":"2021-03-16T11:45:42","date_gmt":"2021-03-16T11:45:42","guid":{"rendered":"https:\/\/krankenhauspfarramt.de\/index.php\/2021\/03\/16\/bischofskonferenz-der-velkd-wuerdigt-die-studie-gemeinsam-am-tisch-des-herrn-ekd\/"},"modified":"2021-03-16T11:45:44","modified_gmt":"2021-03-16T11:45:44","slug":"bischofskonferenz-der-velkd-wuerdigt-die-studie-gemeinsam-am-tisch-des-herrn-ekd","status":"publish","type":"post","link":"https:\/\/krankenhauspfarramt.de\/index.php\/2021\/03\/16\/bischofskonferenz-der-velkd-wuerdigt-die-studie-gemeinsam-am-tisch-des-herrn-ekd\/","title":{"rendered":"Bischofskonferenz der VELKD w\u00fcrdigt die Studie \u201eGemeinsam am Tisch des Herrn\u201c \u2013 EKD"},"content":{"rendered":"<p> <br \/>\n<\/p>\n<div id=\"\">\n<div class=\"article--meta article--meta__border clearfix\">\n<p>                                    <time datetime=\"16.03.2021 09:00\" class=\"article--time\">16.03.2021<\/time><strong class=\"article--type primus--overline\">Pressemitteilung<\/strong><\/p>\n<picture class=\"article--source-image image\"><source srcset=\"https:\/\/ekd.de\/ekd_de\/ds_img\/assets\/velkd.jpg\"><!--<source srcset=\"\/ekd_de\/ds_img\/assets\/velkd_rdax_141x141.jpg 1x, \/ekd_de\/ds_img\/assets\/velkd_rdax_282x282.jpg 2x, https:\/\/ekd.de\/ekd_de\/ds_img\/assets\/velkd.jpg 3x\">--><\/source><\/picture>\n<\/p><\/div>\n<h2 class=\"article--sub-headline primus--sub-headline\">Wichtiger Schritt auf dem Weg zur sichtbaren Gemeinschaft <\/h2>\n<\/p><\/div>\n<div id=\"\">\n<p class=\"VELKDFlietext\"><span style=\"line-height:14pt\">Die Bischofskonferenz der Vereinigten Evangelisch-Lutherischen Kirche Deutschlands (VELKD) hat in einer Stellungnahme die Studie \u201eGemeinsam am Tisch des Herrn\u201d des \u00d6kumenischen Arbeitskreises evangelischer und katholischer Theologen (\u00d6AK) gew\u00fcrdigt. Die Studie greife die \u201eErgebnisse der \u00f6kumenischen Diskurse konstruktiv\u201c auf und leite daraus Folgerungen f\u00fcr das pastorale Handeln der Kirche ab. Der \u00d6AK empfiehlt in seiner Stellungnahme eine \u201ewechselseitige Teilnahme an den jeweiligen Abendmahls- bzw. Eucharistiefeiern\u201c und h\u00e4lt sie auf dem Hintergrund der gewachsenen \u00dcbereinstimmungen der Kirchen \u00fcber die entscheidende Bedeutung des Abendmahls \u201ef\u00fcr theologisch verantwortbar\u201c. Diese Empfehlung sei zwar \u2013 so die VELKD-Stellungnahme \u2013 durchaus weitreichend, nicht aber \u201e\u00fcbergriffig oder gar unbedacht\u201c. <\/span><\/p>\n<p class=\"VELKDFlietext\"><span style=\"line-height:14pt\">Die Bischofskonferenz hebt in ihrer Stellungnahme hervor, dass das Votum des \u00d6AK in erster Hinsicht die Menschen im Blick habe, die darunter litten, nicht gemeinsam Abendmahl bzw. Eucharistie feiern zu k\u00f6nnen und unterstreicht die Zielsetzung des Votums, das auf die pers\u00f6nliche Gewissensentscheidung der Gl\u00e4ubigen setze: Dieses Vertrauen in die sorgf\u00e4ltige Gewissensbildung werde dazu f\u00fchren, \u201edass die Gl\u00e4ubigen aller Konfessionen sehr behutsam und respektvoll mit dem vorgeschlagenen Weg umgehen werden\u201c. <\/span><\/p>\n<p class=\"VELKDFlietext\"><span style=\"line-height:14pt\">Die Stellungnahme der Bischofskonferenz besch\u00e4ftigt sich in der theologischen Argumentation zun\u00e4chst mit der entscheidenden Bedeutung des Abendmahls, die zwischen den Kirchen unstrittig sei: In der Eucharistie, dem Abendmahl, gibt sich Christus selbst, er ist der Einladende. So kommt die Stellungnahme zu dem Schluss: \u201eDie Bischofskonferenz sieht einen grundlegenden Schritt in der Verst\u00e4ndigung \u00fcber das Abendmahl darin, dass in \u00f6kumenischer \u00dcbereinstimmung Jesus Christus als Herr seines Mahles herausgestellt und die Einmaligkeit seines Kreuzesopfers bekr\u00e4ftigt wird.\u201c Sodann fragt sie nach den amtstheologischen Aspekten des Votums aus lutherischer Perspektive. Hier schlie\u00dft sie sich der \u00dcberzeugung der Studie an, \u201edass eine Teilnahme lutherischer Gl\u00e4ubiger an r\u00f6misch-katholischen Eucharistiefeiern m\u00f6glich\u201c sei, sofern f\u00fcr die Teilnahme an der r\u00f6misch-katholischen Eucharistiefeier nicht die vorbehaltlose Anerkennung der r\u00f6misch-katholischen Amtstheologie explizit gefordert werde. Zugleich betont die Bischofskonferenz, man werde \u201emit den Orten und Gelegenheiten sehr respektvoll und in Anerkennung der Pr\u00e4gungen und Empfindungen des jeweiligen Partners und der Gl\u00e4ubigen umgehen und dabei sorgsam beachten, ob eine Teilnahme an der Mahlfeier der anderen Konfession in der konkreten Einzelgemeinde m\u00f6glich ist\u201c. <\/span><\/p>\n<p class=\"VELKDFlietext\"><span style=\"line-height:14pt\">Die Studie sporne an, die Verst\u00e4ndigung \u00fcber offene Fragen im \u00f6kumenischen Dialog \u201etheologisch verantwortlich und im Geist geschwisterlicher Verbundenheit\u201c weiter voranzubringen. Die Bischofskonferenz w\u00fcrdigt die Studie als einen wertvollen Beitrag der Theologie auf dem Weg zu einer sichtbaren Gemeinschaft der Kirchen. <\/span><\/p>\n<p class=\"VELKDFlietext\"><em>Hinweis: <\/em><em>Die Stellungnahme der Bischofskonferenz im Wortlaut unter: <\/em><em>www.velkd.de\/velkd-texte-190-Stellungnahme-BIKO-GTH<\/em><span style=\"text-decoration-line:underline; text-decoration-thickness:initial\"><em>.<\/em><\/span><span style=\"text-decoration-line:underline; text-decoration-thickness:initial\"><em> <\/em><\/span><em>Die Studie<\/em><em> des \u00d6kumenischen Arbeitskreises evangelischer und katholischer Theologen (\u00d6AK): <\/em><em>Gemeinsam am Tisch des Herrn<\/em><em>. <\/em><em><span style=\"border-color:windowtext\">Weiteres unter: <\/span><\/em><em><span style=\"border-color:windowtext\">Verlautbarungen der Bischofskonferenz<\/span><\/em><em><span style=\"border-color:windowtext\">.<\/span><\/em><\/p>\n<p class=\"Default\">Hannover, 16. M\u00e4rz 2021<\/p>\n<p class=\"VELKDFlietext\"><span style=\"line-height:14pt\">Pressestelle der VELKD<\/span><br \/><span style=\"line-height:14pt\">Henrike M\u00fcller<\/span><\/p>\n<\/div>\n","protected":false},"excerpt":{"rendered":"<p>16.03.2021Pressemitteilung Wichtiger Schritt auf dem Weg zur sichtbaren Gemeinschaft Die Bischofskonferenz der Vereinigten Evangelisch-Lutherischen Kirche Deutschlands (VELKD) hat in einer<\/p>\n","protected":false},"author":1,"featured_media":611,"comment_status":"closed","ping_status":"closed","sticky":false,"template":"","format":"standard","meta":{"footnotes":""},"categories":[20],"tags":[],"_links":{"self":[{"href":"https:\/\/krankenhauspfarramt.de\/index.php\/wp-json\/wp\/v2\/posts\/3010"}],"collection":[{"href":"https:\/\/krankenhauspfarramt.de\/index.php\/wp-json\/wp\/v2\/posts"}],"about":[{"href":"https:\/\/krankenhauspfarramt.de\/index.php\/wp-json\/wp\/v2\/types\/post"}],"author":[{"embeddable":true,"href":"https:\/\/krankenhauspfarramt.de\/index.php\/wp-json\/wp\/v2\/users\/1"}],"replies":[{"embeddable":true,"href":"https:\/\/krankenhauspfarramt.de\/index.php\/wp-json\/wp\/v2\/comments?post=3010"}],"version-history":[{"count":1,"href":"https:\/\/krankenhauspfarramt.de\/index.php\/wp-json\/wp\/v2\/posts\/3010\/revisions"}],"predecessor-version":[{"id":3011,"href":"https:\/\/krankenhauspfarramt.de\/index.php\/wp-json\/wp\/v2\/posts\/3010\/revisions\/3011"}],"wp:featuredmedia":[{"embeddable":true,"href":"https:\/\/krankenhauspfarramt.de\/index.php\/wp-json\/wp\/v2\/media\/611"}],"wp:attachment":[{"href":"https:\/\/krankenhauspfarramt.de\/index.php\/wp-json\/wp\/v2\/media?parent=3010"}],"wp:term":[{"taxonomy":"category","embeddable":true,"href":"https:\/\/krankenhauspfarramt.de\/index.php\/wp-json\/wp\/v2\/categories?post=3010"},{"taxonomy":"post_tag","embeddable":true,"href":"https:\/\/krankenhauspfarramt.de\/index.php\/wp-json\/wp\/v2\/tags?post=3010"}],"curies":[{"name":"wp","href":"https:\/\/api.w.org\/{rel}","templated":true}]}}