{"id":3012,"date":"2021-03-16T18:30:39","date_gmt":"2021-03-16T18:30:39","guid":{"rendered":"https:\/\/krankenhauspfarramt.de\/index.php\/2021\/03\/16\/notfallseelsorger-sind-sehr-gefragt-ekd\/"},"modified":"2021-03-16T18:30:41","modified_gmt":"2021-03-16T18:30:41","slug":"notfallseelsorger-sind-sehr-gefragt-ekd","status":"publish","type":"post","link":"https:\/\/krankenhauspfarramt.de\/index.php\/2021\/03\/16\/notfallseelsorger-sind-sehr-gefragt-ekd\/","title":{"rendered":"Notfallseelsorger sind sehr gefragt \u2013 EKD"},"content":{"rendered":"<p> <br \/>\n<\/p>\n<div>\n<p>Das Coronavirus erschwere die Arbeit sp\u00fcrbar, sagte der Experte im Zentrum f\u00fcr Seelsorge und Beratung. &#8222;Die Maske und der notwendige Abstand schaffen in einer Begleitungssituation eine gro\u00dfe Distanz zwischen uns und den Betroffenen.&#8220; Dennoch werde die Sicherheitsma\u00dfnahme meistens akzeptiert.<\/p>\n<p>Im ersten Lockdown im Fr\u00fchjahr 2020 seien die Notfallseelsorger seltener alarmiert worden. &#8222;Wir wurden nur dann gerufen, wenn es als absolut dringlich angesehen wurde&#8220;, berichtete Wittchen. Die Leitstellen, Rettungsdienste und Polizei h\u00e4tten nicht zus\u00e4tzliche Menschen einer m\u00f6glichen Ansteckung aussetzen wollten.<\/p>\n<p>In der Notfallseelsorge der Evangelisch-lutherischen Landeskirche Hannovers seien 795 hauptamtliche Pastorinnen, Pastoren, Diakone und Diakoninnen aktiv. Hinzu kommen 128 ausgebildete ehrenamtlich T\u00e4tige. &#8222;Wir legen gro\u00dfen Wert darauf, dass unsere Mitarbeitenden sorgf\u00e4ltig ausgebildet sind und insbesondere die ehrenamtlichen Kr\u00e4fte vor Ort gut begleitet werden&#8220;, unterstrich Wittchen.<\/p>\n<p>Viele der Ehrenamtlichen wollen Wittchen zufolge im Ruhestand noch etwas Sinnvolles tun, sich in j\u00fcngeren Jahren pers\u00f6nlich ver\u00e4ndern oder ihre Zeit in den Dienst einer guten Sache stellen. Nach intensiven Vorgespr\u00e4chen k\u00f6nnten sie spezielle Kursangebote im Zentrum f\u00fcr Seelsorge und Beratung besuchen. Dabei gebe es eine gute Zusammenarbeit zwischen der Landeskirche und den katholischen Bist\u00fcmern.<\/p>\n<\/p><\/div>\n","protected":false},"excerpt":{"rendered":"<p>Das Coronavirus erschwere die Arbeit sp\u00fcrbar, sagte der Experte im Zentrum f\u00fcr Seelsorge und Beratung. &#8222;Die Maske und der notwendige<\/p>\n","protected":false},"author":1,"featured_media":3013,"comment_status":"closed","ping_status":"closed","sticky":false,"template":"","format":"standard","meta":{"footnotes":""},"categories":[20],"tags":[],"_links":{"self":[{"href":"https:\/\/krankenhauspfarramt.de\/index.php\/wp-json\/wp\/v2\/posts\/3012"}],"collection":[{"href":"https:\/\/krankenhauspfarramt.de\/index.php\/wp-json\/wp\/v2\/posts"}],"about":[{"href":"https:\/\/krankenhauspfarramt.de\/index.php\/wp-json\/wp\/v2\/types\/post"}],"author":[{"embeddable":true,"href":"https:\/\/krankenhauspfarramt.de\/index.php\/wp-json\/wp\/v2\/users\/1"}],"replies":[{"embeddable":true,"href":"https:\/\/krankenhauspfarramt.de\/index.php\/wp-json\/wp\/v2\/comments?post=3012"}],"version-history":[{"count":1,"href":"https:\/\/krankenhauspfarramt.de\/index.php\/wp-json\/wp\/v2\/posts\/3012\/revisions"}],"predecessor-version":[{"id":3014,"href":"https:\/\/krankenhauspfarramt.de\/index.php\/wp-json\/wp\/v2\/posts\/3012\/revisions\/3014"}],"wp:featuredmedia":[{"embeddable":true,"href":"https:\/\/krankenhauspfarramt.de\/index.php\/wp-json\/wp\/v2\/media\/3013"}],"wp:attachment":[{"href":"https:\/\/krankenhauspfarramt.de\/index.php\/wp-json\/wp\/v2\/media?parent=3012"}],"wp:term":[{"taxonomy":"category","embeddable":true,"href":"https:\/\/krankenhauspfarramt.de\/index.php\/wp-json\/wp\/v2\/categories?post=3012"},{"taxonomy":"post_tag","embeddable":true,"href":"https:\/\/krankenhauspfarramt.de\/index.php\/wp-json\/wp\/v2\/tags?post=3012"}],"curies":[{"name":"wp","href":"https:\/\/api.w.org\/{rel}","templated":true}]}}