{"id":3018,"date":"2021-03-19T19:34:38","date_gmt":"2021-03-19T19:34:38","guid":{"rendered":"https:\/\/krankenhauspfarramt.de\/index.php\/2021\/03\/19\/freude-auf-dem-kargen-weg-ekd\/"},"modified":"2021-03-19T19:34:38","modified_gmt":"2021-03-19T19:34:38","slug":"freude-auf-dem-kargen-weg-ekd","status":"publish","type":"post","link":"https:\/\/krankenhauspfarramt.de\/index.php\/2021\/03\/19\/freude-auf-dem-kargen-weg-ekd\/","title":{"rendered":"Freude auf dem kargen Weg \u2013 EKD"},"content":{"rendered":"<p> <br \/>\n<\/p>\n<div id=\"\">\n<p><em>\u201eWenn Christus auch gekreuzigt wurde in Schwachheit, so lebt er doch aus Gottes Kraft. Und wenn wir auch schwach sind in ihm, so werden wir doch mit ihm leben aus der Kraft Gottes.\u201c (2. Korintherbrief 13,4)<\/em><\/p>\n<p>Irgendwie ein einziges Warten zurzeit. Wann kriegen wir die Kurve mit dem Virus? Wann h\u00f6rt die Kontaktfasterei auf? Wessen Nerven oder gute Manieren liegen als n\u00e4chstes blank? Ist denn endlich einmal Schluss?! \u2026 Und auf diesem Warteweg k\u00fcndigt sich #Ostern an. In der Bibel geht Jesu Weg voller Konflikte Ostern entgegen. \u00dcberall lauert \u00c4rger, st\u00e4ndig gilt es aufzupassen. Wer macht den n\u00e4chsten Fehler? Wie weit reicht die eigene Kraft? Wann knallt es und das Kreuz wird aufgestellt?<\/p>\n<p>Dieser #Passionsweg spiegelt sich nicht allein in der kirchlichen #Fastenzeit, er spiegelt sich auch in meiner Gegenwart, in meinem Empfinden: Spannung, Ersch\u00f6pfung. \u201eDu musst aufpassen, dich beherrschen!\u201c, \u201eVielleicht ja n\u00e4chstes Jahr\u2026\u201c. Irgendwie schwierig.<\/p>\n<p>Und hier lasse ich mich gern durch die Weisheit und die Sch\u00f6nheit meiner Kirche unterbrechen. In den beiden Fastenzeiten der Christenheit, im Advent und vor Ostern gibt es immer eine besondere Woche. Das ist die dritte Adventswoche mit dem \u201eSeid-froh\u201c-Sonntag #Gaudete und die vierte Fastenwoche mit dem \u201eFreut-euch\u201c-Sonntag #L\u00e4tare. In dieser sind wir aktuell unterwegs. Ich genie\u00dfe ihren Weckruf, dass mitten auf dem kargen Weg jetzt Freude angesagt ist. \u201eSchau mal! Da ist mehr als alles, was gerade nicht ist. Schau mal von Ostern her!\u201c So macht es ja auch Paulus, von dem das kleine Zitat oben aus dem Korintherbrief stammt.<\/p>\n<p>Ja klar. Wir warten. Doch ich will mich mit Freude unterbrechen. Darin steckt mehr als schlichter Frohsinn. Hier, Seele, kannst Du das Geheimnis erleben, dass Du im Warten bereits Anteil hast an dem, auf das Du wartest. Seine Kraft will wirken. Ein wundersch\u00f6nes Bild ist f\u00fcr mich die helle Kirchenfarbe dieser beiden besonderen Fastenwochen. R o s a ! Mit ganz viel Licht ist da das Fastenviolett aufgehellt und singt vom Leben aus Gottes Kraft. Und ich freue mich.<\/p>\n<\/div>\n","protected":false},"excerpt":{"rendered":"<p>\u201eWenn Christus auch gekreuzigt wurde in Schwachheit, so lebt er doch aus Gottes Kraft. Und wenn wir auch schwach sind<\/p>\n","protected":false},"author":1,"featured_media":0,"comment_status":"closed","ping_status":"closed","sticky":false,"template":"","format":"standard","meta":{"footnotes":""},"categories":[20],"tags":[],"_links":{"self":[{"href":"https:\/\/krankenhauspfarramt.de\/index.php\/wp-json\/wp\/v2\/posts\/3018"}],"collection":[{"href":"https:\/\/krankenhauspfarramt.de\/index.php\/wp-json\/wp\/v2\/posts"}],"about":[{"href":"https:\/\/krankenhauspfarramt.de\/index.php\/wp-json\/wp\/v2\/types\/post"}],"author":[{"embeddable":true,"href":"https:\/\/krankenhauspfarramt.de\/index.php\/wp-json\/wp\/v2\/users\/1"}],"replies":[{"embeddable":true,"href":"https:\/\/krankenhauspfarramt.de\/index.php\/wp-json\/wp\/v2\/comments?post=3018"}],"version-history":[{"count":0,"href":"https:\/\/krankenhauspfarramt.de\/index.php\/wp-json\/wp\/v2\/posts\/3018\/revisions"}],"wp:attachment":[{"href":"https:\/\/krankenhauspfarramt.de\/index.php\/wp-json\/wp\/v2\/media?parent=3018"}],"wp:term":[{"taxonomy":"category","embeddable":true,"href":"https:\/\/krankenhauspfarramt.de\/index.php\/wp-json\/wp\/v2\/categories?post=3018"},{"taxonomy":"post_tag","embeddable":true,"href":"https:\/\/krankenhauspfarramt.de\/index.php\/wp-json\/wp\/v2\/tags?post=3018"}],"curies":[{"name":"wp","href":"https:\/\/api.w.org\/{rel}","templated":true}]}}