{"id":3036,"date":"2021-03-30T14:45:50","date_gmt":"2021-03-30T14:45:50","guid":{"rendered":"https:\/\/krankenhauspfarramt.de\/index.php\/2021\/03\/30\/bedford-strohm-erschuettert-ueber-gewalt-in-myanmar-ekd\/"},"modified":"2021-03-30T14:45:52","modified_gmt":"2021-03-30T14:45:52","slug":"bedford-strohm-erschuettert-ueber-gewalt-in-myanmar-ekd","status":"publish","type":"post","link":"https:\/\/krankenhauspfarramt.de\/index.php\/2021\/03\/30\/bedford-strohm-erschuettert-ueber-gewalt-in-myanmar-ekd\/","title":{"rendered":"Bedford-Strohm ersch\u00fcttert \u00fcber Gewalt in Myanmar \u2013 EKD"},"content":{"rendered":"<p> <br \/>\n<\/p>\n<div id=\"\">\n<div class=\"article--meta article--meta__border clearfix\">\n<p>                                    <time datetime=\"30.03.2021 16:00\" class=\"article--time\">30.03.2021<\/time><strong class=\"article--type primus--overline\">Pressemitteilung<\/strong><\/p>\n<picture class=\"article--source-image image\"><source srcset=\"https:\/\/ekd.de\/ekd_de\/ds_img\/assets\/20170622_ekd-Quellenlogo_141_rdax_423x118.png\"><!--<source srcset=\"\/ekd_de\/ds_img\/assets\/20170622_ekd-Quellenlogo_141_rdax_141x39.png 1x, \/ekd_de\/ds_img\/assets\/20170622_ekd-Quellenlogo_141_rdax_282x78.png 2x, https:\/\/ekd.de\/ekd_de\/ds_img\/assets\/20170622_ekd-Quellenlogo_141_rdax_423x118.png 3x\">--><\/source><\/picture>\n<\/p><\/div>\n<h2 class=\"article--sub-headline primus--sub-headline\">EKD-Ratsvorsitzender: \u201eWir sind tief beeindruckt von Mut, Glaubenskraft und Zusammenhalt unter Christinnen und Christen in Myanmar\u201c<\/h2>\n<\/p><\/div>\n<div id=\"\">\n<p>Nach der j\u00fcngsten Gewalteskalation in Myanmar mit mehr als 500 Toten hat sich der Ratsvorsitzende der Evangelischen Kirche in Deutschland (EKD), Landesbischof Heinrich Bedford-Strohm, in einem heute verschickten Solidarit\u00e4tsschreiben an den Kirchenrat von Myanmar gewandt und dessen Friedensappell unterst\u00fctzt:<\/p>\n<p>\u201eDie Evangelische Kirche in Deutschland nimmt mit Ersch\u00fctterung die j\u00fcngsten Entwicklungen in Myanmar wahr. Die weiter eskalierende Gewalt in Folge der Macht\u00fcbernahme durch das Milit\u00e4r erf\u00fcllt uns mit Schmerz und zunehmender Sorge f\u00fcr das Leben und Zusammenleben der Menschen in Myanmar. Wie wir aus zahlreichen \u00c4u\u00dferungen erfahren, wissen sich auch Kirchen, theologische Ausbildungsst\u00e4tten und der Kirchenrat von Myanmar dem friedlichen, \u00f6kumenischen und interreligi\u00f6sen Protest gegen die Macht\u00fcbernahme und f\u00fcr die Wiederherstellung von Demokratie verpflichtet.<\/p>\n<p>Durch Ihren Protest haben auch Sie unmittelbar unter Gewaltma\u00dfnahmen zu leiden oder sind davon bedroht: Die Versammlungsfreiheit ist eingeschr\u00e4nkt, mindestens eine kirchliche Hochschule wurde gest\u00fcrmt, Einsch\u00fcchterungen sowie k\u00f6rperliche Gewalterfahrung und Verhaftungen sind zu beklagen.<\/p>\n<p>Wir sind tief beeindruckt von Mut, Glaubenskraft und Zusammenhalt unter Christinnen und Christen der im Kirchenrat von Myanmar vereinten Kirchen, die sich auch in offiziellen Verlautbarungen wie der \u00f6kumenischen Stellungnahme der \u201eUnion of Myanmar\u201c vom 9. Februar 2021 zeigen. In der darin ausgedr\u00fcckten Hoffnung auf Gerechtigkeit und Frieden in Myanmar wissen wir uns mit Ihnen verbunden. Wir unterst\u00fctzen Ihren Appell an alle Beteiligten, auf Gewalt zu verzichten und im Bem\u00fchen um Dialog Verantwortung f\u00fcr eine friedliche Zukunft zu \u00fcbernehmen. Seien Sie versichert, dass wir an Ihrer Seite stehen, uns um die Pflege der Partnerkontakte auch unter schwierigen Bedingungen bem\u00fchen und uns daf\u00fcr einsetzen, dass die kirchliche \u00d6ffentlichkeit in Deutschland Ihren Einsatz f\u00fcr eine R\u00fcckkehr zu Dialog, Frieden und Demokratie unterst\u00fctzt.\u201c<\/p>\n<p>Hannover, 30. M\u00e4rz 2021<\/p>\n<p>Pressestelle der EKD<br \/>Carsten Splitt<\/p>\n<\/div>\n","protected":false},"excerpt":{"rendered":"<p>30.03.2021Pressemitteilung EKD-Ratsvorsitzender: \u201eWir sind tief beeindruckt von Mut, Glaubenskraft und Zusammenhalt unter Christinnen und Christen in Myanmar\u201c Nach der j\u00fcngsten<\/p>\n","protected":false},"author":1,"featured_media":569,"comment_status":"closed","ping_status":"closed","sticky":false,"template":"","format":"standard","meta":{"footnotes":""},"categories":[20],"tags":[],"_links":{"self":[{"href":"https:\/\/krankenhauspfarramt.de\/index.php\/wp-json\/wp\/v2\/posts\/3036"}],"collection":[{"href":"https:\/\/krankenhauspfarramt.de\/index.php\/wp-json\/wp\/v2\/posts"}],"about":[{"href":"https:\/\/krankenhauspfarramt.de\/index.php\/wp-json\/wp\/v2\/types\/post"}],"author":[{"embeddable":true,"href":"https:\/\/krankenhauspfarramt.de\/index.php\/wp-json\/wp\/v2\/users\/1"}],"replies":[{"embeddable":true,"href":"https:\/\/krankenhauspfarramt.de\/index.php\/wp-json\/wp\/v2\/comments?post=3036"}],"version-history":[{"count":1,"href":"https:\/\/krankenhauspfarramt.de\/index.php\/wp-json\/wp\/v2\/posts\/3036\/revisions"}],"predecessor-version":[{"id":3037,"href":"https:\/\/krankenhauspfarramt.de\/index.php\/wp-json\/wp\/v2\/posts\/3036\/revisions\/3037"}],"wp:featuredmedia":[{"embeddable":true,"href":"https:\/\/krankenhauspfarramt.de\/index.php\/wp-json\/wp\/v2\/media\/569"}],"wp:attachment":[{"href":"https:\/\/krankenhauspfarramt.de\/index.php\/wp-json\/wp\/v2\/media?parent=3036"}],"wp:term":[{"taxonomy":"category","embeddable":true,"href":"https:\/\/krankenhauspfarramt.de\/index.php\/wp-json\/wp\/v2\/categories?post=3036"},{"taxonomy":"post_tag","embeddable":true,"href":"https:\/\/krankenhauspfarramt.de\/index.php\/wp-json\/wp\/v2\/tags?post=3036"}],"curies":[{"name":"wp","href":"https:\/\/api.w.org\/{rel}","templated":true}]}}