{"id":3066,"date":"2021-04-08T02:13:23","date_gmt":"2021-04-08T02:13:23","guid":{"rendered":"https:\/\/krankenhauspfarramt.de\/index.php\/2021\/04\/08\/woher-kommt-die-widerstandskraft-in-der-corona-pandemie-ekd\/"},"modified":"2021-04-08T02:13:25","modified_gmt":"2021-04-08T02:13:25","slug":"woher-kommt-die-widerstandskraft-in-der-corona-pandemie-ekd","status":"publish","type":"post","link":"https:\/\/krankenhauspfarramt.de\/index.php\/2021\/04\/08\/woher-kommt-die-widerstandskraft-in-der-corona-pandemie-ekd\/","title":{"rendered":"Woher kommt die Widerstandskraft in der Corona-Pandemie? \u2013 EKD"},"content":{"rendered":"<p> <br \/>\n<\/p>\n<div>\n<p>Gro\u00dfe Anstrengungen w\u00fcrden unternommen, um die Corona-Pandemie zu bew\u00e4ltigen, ob in den Krankenh\u00e4usern, in der Entwicklung von Impfstoffen und den Bem\u00fchungen um den Erhalt von Unternehmen und Arbeitspl\u00e4tzen. Doch bisher wurde kaum dar\u00fcber gesprochen, \u201ewas das Virus mit der Seele macht\u201c, kritisierte Bedford-Strohm, obwohl dies das \u201evielleicht zentralste Thema\u201c sei. \u201eAber wer hilft unserer Seele? Wer rei\u00dft uns aus der inneren Dunkelheit, die sich auszubreiten sucht?\u201c Woher komme dringend n\u00f6tige soziale Energie, die Widerstandskraft in dieser Notlage, fragte Bedford-Strohm.<\/p>\n<p>Der christliche Glaube habe eine tr\u00f6stliche Antwort. \u201eDer Gott, der diese Welt geschaffen hat, der uns unser Leben geschenkt hat und der uns jeden Tag begleitet, der f\u00fchrt uns auch durch das finstere Tal dieser Zeit\u201c, betonte der Landesbischof. Die Hoffnung auf den \u201elebensschaffenden Geist Gottes\u201c sei schon sp\u00fcrbar, aber \u201ees ist noch nicht Ostern\u201c, es gelte, das Leiden auszuhalten \u2013 mit Gott an unserer Seite.<\/p>\n<p>Der EKD-Ratsvorsitzende predigt am Karfreitag um 10 Uhr in der M\u00fcnchner St.\u00a0Matth\u00e4uskirche.<\/p>\n<p>Hannover, 1. April 2021<\/p>\n<p>Pressestelle der EKD<br \/>Carsten Splitt<\/p>\n<\/p><\/div>\n","protected":false},"excerpt":{"rendered":"<p>Gro\u00dfe Anstrengungen w\u00fcrden unternommen, um die Corona-Pandemie zu bew\u00e4ltigen, ob in den Krankenh\u00e4usern, in der Entwicklung von Impfstoffen und den<\/p>\n","protected":false},"author":1,"featured_media":663,"comment_status":"closed","ping_status":"closed","sticky":false,"template":"","format":"standard","meta":{"footnotes":""},"categories":[20],"tags":[],"_links":{"self":[{"href":"https:\/\/krankenhauspfarramt.de\/index.php\/wp-json\/wp\/v2\/posts\/3066"}],"collection":[{"href":"https:\/\/krankenhauspfarramt.de\/index.php\/wp-json\/wp\/v2\/posts"}],"about":[{"href":"https:\/\/krankenhauspfarramt.de\/index.php\/wp-json\/wp\/v2\/types\/post"}],"author":[{"embeddable":true,"href":"https:\/\/krankenhauspfarramt.de\/index.php\/wp-json\/wp\/v2\/users\/1"}],"replies":[{"embeddable":true,"href":"https:\/\/krankenhauspfarramt.de\/index.php\/wp-json\/wp\/v2\/comments?post=3066"}],"version-history":[{"count":1,"href":"https:\/\/krankenhauspfarramt.de\/index.php\/wp-json\/wp\/v2\/posts\/3066\/revisions"}],"predecessor-version":[{"id":3067,"href":"https:\/\/krankenhauspfarramt.de\/index.php\/wp-json\/wp\/v2\/posts\/3066\/revisions\/3067"}],"wp:featuredmedia":[{"embeddable":true,"href":"https:\/\/krankenhauspfarramt.de\/index.php\/wp-json\/wp\/v2\/media\/663"}],"wp:attachment":[{"href":"https:\/\/krankenhauspfarramt.de\/index.php\/wp-json\/wp\/v2\/media?parent=3066"}],"wp:term":[{"taxonomy":"category","embeddable":true,"href":"https:\/\/krankenhauspfarramt.de\/index.php\/wp-json\/wp\/v2\/categories?post=3066"},{"taxonomy":"post_tag","embeddable":true,"href":"https:\/\/krankenhauspfarramt.de\/index.php\/wp-json\/wp\/v2\/tags?post=3066"}],"curies":[{"name":"wp","href":"https:\/\/api.w.org\/{rel}","templated":true}]}}