{"id":3076,"date":"2021-04-14T22:54:35","date_gmt":"2021-04-14T22:54:35","guid":{"rendered":"https:\/\/krankenhauspfarramt.de\/index.php\/2021\/04\/14\/oekumenischer-gottesdienst-fuer-die-corona-opfer-am-18-april-ekd\/"},"modified":"2021-04-14T22:54:37","modified_gmt":"2021-04-14T22:54:37","slug":"oekumenischer-gottesdienst-fuer-die-corona-opfer-am-18-april-ekd","status":"publish","type":"post","link":"https:\/\/krankenhauspfarramt.de\/index.php\/2021\/04\/14\/oekumenischer-gottesdienst-fuer-die-corona-opfer-am-18-april-ekd\/","title":{"rendered":"\u00d6kumenischer Gottesdienst f\u00fcr die Corona-Opfer am 18. April \u2013 EKD"},"content":{"rendered":"<p> <br \/>\n<\/p>\n<div>\n<p>Neben Bundespr\u00e4sident Frank-Walter Steinmeier sollen Bundestagspr\u00e4sident Wolfgang Sch\u00e4uble (CDU), Bundeskanzlerin Angela Merkel (CDU), Bundesratspr\u00e4sident Reiner Haseloff (CDU) und der Pr\u00e4sident des Bundesverfassungsgerichts, Stephan Harbarth, teilnehmen. Zu dem Gottesdienst laden der EKD-Ratsvorsitzende Heinrich Bedford-Strohm, der Vorsitzende der Bischofskonferenz, Georg B\u00e4tzing, und der Vorsitzende der ACK, Erzpriester Radu Constantin Miron, ein. Im Gottesdienst wirken auch Vertreter j\u00fcdischen und muslimischen Glaubens mit. Anhand der biblischen Geschichte vom Weg der J\u00fcnger Jesu nach Emmaus nach Ostern wolle der Gottesdienst Gelegenheit zur Besinnung und zum Abschiednehmen geben.<\/p>\n<p>Bis Mittwoch starben nach Zahlen des Robert Koch-Instituts in Deutschland 77.401 Menschen an oder mit einer Covid-19-Infektion. Im Anschluss an den \u00f6kumenischen Gottesdienst findet ein zentraler Gedenkakt f\u00fcr die Corona-Toten von 13 Uhr an im Konzerthaus am Gendarmenmarkt in Berlin statt. Der Gedenkakt wird unter anderem live im ZDF, im Deutschlandfunk und im ARD-H\u00f6rfunk \u00fcbertragen, wie das Bundespr\u00e4sidialamt mitteilte.<\/p>\n<\/p><\/div>\n","protected":false},"excerpt":{"rendered":"<p>Neben Bundespr\u00e4sident Frank-Walter Steinmeier sollen Bundestagspr\u00e4sident Wolfgang Sch\u00e4uble (CDU), Bundeskanzlerin Angela Merkel (CDU), Bundesratspr\u00e4sident Reiner Haseloff (CDU) und der Pr\u00e4sident<\/p>\n","protected":false},"author":1,"featured_media":3077,"comment_status":"closed","ping_status":"closed","sticky":false,"template":"","format":"standard","meta":{"footnotes":""},"categories":[20],"tags":[],"_links":{"self":[{"href":"https:\/\/krankenhauspfarramt.de\/index.php\/wp-json\/wp\/v2\/posts\/3076"}],"collection":[{"href":"https:\/\/krankenhauspfarramt.de\/index.php\/wp-json\/wp\/v2\/posts"}],"about":[{"href":"https:\/\/krankenhauspfarramt.de\/index.php\/wp-json\/wp\/v2\/types\/post"}],"author":[{"embeddable":true,"href":"https:\/\/krankenhauspfarramt.de\/index.php\/wp-json\/wp\/v2\/users\/1"}],"replies":[{"embeddable":true,"href":"https:\/\/krankenhauspfarramt.de\/index.php\/wp-json\/wp\/v2\/comments?post=3076"}],"version-history":[{"count":1,"href":"https:\/\/krankenhauspfarramt.de\/index.php\/wp-json\/wp\/v2\/posts\/3076\/revisions"}],"predecessor-version":[{"id":3078,"href":"https:\/\/krankenhauspfarramt.de\/index.php\/wp-json\/wp\/v2\/posts\/3076\/revisions\/3078"}],"wp:featuredmedia":[{"embeddable":true,"href":"https:\/\/krankenhauspfarramt.de\/index.php\/wp-json\/wp\/v2\/media\/3077"}],"wp:attachment":[{"href":"https:\/\/krankenhauspfarramt.de\/index.php\/wp-json\/wp\/v2\/media?parent=3076"}],"wp:term":[{"taxonomy":"category","embeddable":true,"href":"https:\/\/krankenhauspfarramt.de\/index.php\/wp-json\/wp\/v2\/categories?post=3076"},{"taxonomy":"post_tag","embeddable":true,"href":"https:\/\/krankenhauspfarramt.de\/index.php\/wp-json\/wp\/v2\/tags?post=3076"}],"curies":[{"name":"wp","href":"https:\/\/api.w.org\/{rel}","templated":true}]}}