{"id":3082,"date":"2021-04-15T07:02:26","date_gmt":"2021-04-15T07:02:26","guid":{"rendered":"https:\/\/krankenhauspfarramt.de\/index.php\/2021\/04\/15\/ergaenzung-ja-ersatz-nein-ekd\/"},"modified":"2021-04-15T07:02:29","modified_gmt":"2021-04-15T07:02:29","slug":"ergaenzung-ja-ersatz-nein-ekd","status":"publish","type":"post","link":"https:\/\/krankenhauspfarramt.de\/index.php\/2021\/04\/15\/ergaenzung-ja-ersatz-nein-ekd\/","title":{"rendered":"Erg\u00e4nzung ja, Ersatz nein \u2013 EKD"},"content":{"rendered":"<p> <br \/>\n<\/p>\n<div>\n<p>Nord sagte, viele Befragte h\u00e4tten r\u00fcckgemeldet, dass sie in der Corona-Krise auch Chancen sehen. Durch die Einschr\u00e4nkung des \u00fcblichen Gemeindelebens wegen des Infektionsschutzes h\u00e4tten sie die M\u00f6glichkeit erhalten, bestehende Angebote zu hinterfragen und zu ver\u00e4ndern, erl\u00e4uterte Nord eine der Querschnittsthesen der Studie. Die Professorin zitierte bei der digitalen Vorstellung der Studie einen Befragten: Die Corona-Pandemie habe Gemeinden &#8222;zumindest Zeit geschenkt, Neues auszuprobieren und zu wagen, die wir sonst nicht haben&#8220;. Ein Befragter sagte auch, Corona habe der Kreativit\u00e4t in seiner Gemeinde &#8222;erstaunlich gutgetan&#8220;.<\/p>\n<p>Erste Ergebnisse der Studie sind auch, dass mehr als 70 Prozent der Befragten aus Deutschland in Digitalisierungsprozessen vor allem Chancen und weniger Risiken s\u00e4hen. Man k\u00f6nne durch die digitalen Angebote auch Menschen erreichen, die &#8211; aus diversen Gr\u00fcnden &#8211; nicht an Pr\u00e4senzveranstaltungen teilnehmen k\u00f6nnen. Die Mehrheit der Befragten sehe digitale Gottesdienstformen &#8222;als Erg\u00e4nzung, Notbehelf und nicht als Ersatz&#8220;. Pers\u00f6nliche Kontakte sind laut den Studienteilnehmern im kirchlichen Kontext weiterhin unverzichtbar. Die &#8222;Bedeutung ihrer Rolle&#8220; sahen die Befragten durch die Corona-Digitalisierung zudem nicht infrage gestellt.<\/p>\n<p>An der Studie beteiligt waren Forscher von Hochschulen und Forschungsinstituten in W\u00fcrzburg, Frankfurt am Main, Z\u00fcrich und St. Gallen sowie vom Sozialwissenschaftlichen Institut der Evangelischen Kirche in Deutschland (EKD). Zum internationalen Netzwerk, das an der Studie mitgewirkt hat, geh\u00f6ren Forscher aus Singapur, Schweden, Australien, den USA, Brasilien, Ungarn, S\u00fcdafrika, Gro\u00dfbritannien und vielen weiteren L\u00e4ndern.\u00a0<\/p>\n<p style=\"text-align:right\"><em>Von Daniel Staffen-Quandt (epd)<\/em><\/p>\n<\/p><\/div>\n","protected":false},"excerpt":{"rendered":"<p>Nord sagte, viele Befragte h\u00e4tten r\u00fcckgemeldet, dass sie in der Corona-Krise auch Chancen sehen. Durch die Einschr\u00e4nkung des \u00fcblichen Gemeindelebens<\/p>\n","protected":false},"author":1,"featured_media":3083,"comment_status":"closed","ping_status":"closed","sticky":false,"template":"","format":"standard","meta":{"footnotes":""},"categories":[20],"tags":[],"_links":{"self":[{"href":"https:\/\/krankenhauspfarramt.de\/index.php\/wp-json\/wp\/v2\/posts\/3082"}],"collection":[{"href":"https:\/\/krankenhauspfarramt.de\/index.php\/wp-json\/wp\/v2\/posts"}],"about":[{"href":"https:\/\/krankenhauspfarramt.de\/index.php\/wp-json\/wp\/v2\/types\/post"}],"author":[{"embeddable":true,"href":"https:\/\/krankenhauspfarramt.de\/index.php\/wp-json\/wp\/v2\/users\/1"}],"replies":[{"embeddable":true,"href":"https:\/\/krankenhauspfarramt.de\/index.php\/wp-json\/wp\/v2\/comments?post=3082"}],"version-history":[{"count":1,"href":"https:\/\/krankenhauspfarramt.de\/index.php\/wp-json\/wp\/v2\/posts\/3082\/revisions"}],"predecessor-version":[{"id":3084,"href":"https:\/\/krankenhauspfarramt.de\/index.php\/wp-json\/wp\/v2\/posts\/3082\/revisions\/3084"}],"wp:featuredmedia":[{"embeddable":true,"href":"https:\/\/krankenhauspfarramt.de\/index.php\/wp-json\/wp\/v2\/media\/3083"}],"wp:attachment":[{"href":"https:\/\/krankenhauspfarramt.de\/index.php\/wp-json\/wp\/v2\/media?parent=3082"}],"wp:term":[{"taxonomy":"category","embeddable":true,"href":"https:\/\/krankenhauspfarramt.de\/index.php\/wp-json\/wp\/v2\/categories?post=3082"},{"taxonomy":"post_tag","embeddable":true,"href":"https:\/\/krankenhauspfarramt.de\/index.php\/wp-json\/wp\/v2\/tags?post=3082"}],"curies":[{"name":"wp","href":"https:\/\/api.w.org\/{rel}","templated":true}]}}