{"id":3103,"date":"2021-04-19T09:36:47","date_gmt":"2021-04-19T09:36:47","guid":{"rendered":"https:\/\/krankenhauspfarramt.de\/index.php\/2021\/04\/19\/16-04-2021-prediger-des-evangeliums-mit-herz-und-verstand\/"},"modified":"2021-04-19T09:36:47","modified_gmt":"2021-04-19T09:36:47","slug":"16-04-2021-prediger-des-evangeliums-mit-herz-und-verstand","status":"publish","type":"post","link":"https:\/\/krankenhauspfarramt.de\/index.php\/2021\/04\/19\/16-04-2021-prediger-des-evangeliums-mit-herz-und-verstand\/","title":{"rendered":"16.04.2021 \u201ePrediger des Evangeliums mit Herz und Verstand\u201c"},"content":{"rendered":"<p><img decoding=\"async\" src=\"https:\/\/www.elk-wue.de\/\" \/><\/p>\n<div id=\"c27273\">\n<header>\n<h2 class=\"b_is-headline\">\u201ePrediger des Evangeliums mit Herz und Verstand\u201c<\/h2>\n<h3>Pr\u00e4lat im Ruhestand Ulrich Mack feiert 70. Geburtstag<\/h3>\n<\/header>\n<p>Stuttgart. Der Stuttgarter Pr\u00e4lat im Ruhestand Ulrich Mack wird am Dienstag, 20. April, 70 Jahre alt. Landesbischof Dr. h. c. Frank Otfried July w\u00fcrdigt ihn als einen \u201ePrediger des Evangeliums mit Herz und Verstand. Dies ist die Kontinuit\u00e4t seines Lebensweges in den verschiedenen Aufgabenbereichen, die er haupt- und ehrenamtlich wahrgenommen hat. Mit seiner theologischen \u00dcberzeugung steht er f\u00fcr eine missionarische Volkskirche, die Bereitschaft f\u00fcr neue Wege zeigt.\u201c<\/p>\n<p>Mack war 2006 zum Pr\u00e4laten gew\u00e4hlt worden. Mit heute gut <strong>514.000 evangelischen Christinnen und Christen<\/strong> ist Stuttgart die zweitgr\u00f6\u00dfte der vier Pr\u00e4laturen in W\u00fcrttemberg. Trends wie S\u00e4kularisierung und Pluralismus haben Mack in den rund zehn Jahren bis zur Pensionierung stark besch\u00e4ftigt. Beim Abschied erinnerte er an wertvolle Gespr\u00e4che mit Politikern und Personen aus der Wirtschaft: \u201eIn den Sorgen und \u00c4ngsten unserer Zeit waren sie dankbar f\u00fcr Orientierung an dem, was bleibt.\u201c<\/p>\n<p>Im Ruhestand ist Ulrich Mack weiter f\u00fcr seine Kirchengemeinde in Bonlanden (Filderstadt) aktiv und hat im Februar etwa an einer Bibelwoche mitgewirkt. \u201eIch bin sehr dankbar daf\u00fcr, dass sehr viele Kirchengemeinden gerade in dieser Corona-Zeit neue digitale M\u00f6glichkeiten nutzen. Sie zeigen viel Fantasie dabei, neue Wege zu finden, um Menschen selbst im Lockdown mit dem Evangelium zu erreichen.\u201c Sonst genie\u00dft der Pension\u00e4r die Zeit mit seiner Frau, mit der er zahlreiche B\u00fccher verfasst hat, seinen Kindern und seinen mittlerweile neun Enkeln.<\/p>\n<p>F\u00fcr den geb\u00fcrtigen Heidenheimer stand schon im Konfirmandenalter fest, dass er Pfarrer werden wollte. Sp\u00e4ter folgten Stellen und \u00c4mter als Bezirksjugendpfarrer, Vorsitzender des CVJM-Landesverbandes, Mitglied im Vorstand des Evangelischen Jugendwerks in W\u00fcrttemberg sowie im Vorstand des CVJM-Gesamtverbands in Deutschland. Mack geh\u00f6rte ebenso der W\u00fcrttembergischen Landessynode an wie der Synode der Evangelischen Kirche in Deutschland und engagierte sich zudem in der Deutschen wie auch der W\u00fcrttembergischen Bibelgesellschaft, im Stiftungsrat der Diakonissenanstalt Stuttgart, im Kuratorium des Stifts Urach sowie im Evangelischen Presseverband W\u00fcrttemberg.<\/p>\n<p>Den 70. Geburtstag feiert Ulrich Mack Corona-konform im kleinsten Kreis.<\/p>\n<p>\u00a0<\/p>\n<p>Oliver Hoesch<br \/>Sprecher der Landeskirche<\/p>\n<p>\u00a0<\/p>\n<p><strong>Hinweis:<\/strong> Ein Foto von Ulrich Mack finden Sie im Pressebereich unserer Homepage.<\/p>\n<\/div>\n","protected":false},"excerpt":{"rendered":"<p>\u201ePrediger des Evangeliums mit Herz und Verstand\u201c Pr\u00e4lat im Ruhestand Ulrich Mack feiert 70. Geburtstag Stuttgart. Der Stuttgarter Pr\u00e4lat im<\/p>\n","protected":false},"author":1,"featured_media":0,"comment_status":"closed","ping_status":"closed","sticky":false,"template":"","format":"standard","meta":{"footnotes":""},"categories":[21],"tags":[],"_links":{"self":[{"href":"https:\/\/krankenhauspfarramt.de\/index.php\/wp-json\/wp\/v2\/posts\/3103"}],"collection":[{"href":"https:\/\/krankenhauspfarramt.de\/index.php\/wp-json\/wp\/v2\/posts"}],"about":[{"href":"https:\/\/krankenhauspfarramt.de\/index.php\/wp-json\/wp\/v2\/types\/post"}],"author":[{"embeddable":true,"href":"https:\/\/krankenhauspfarramt.de\/index.php\/wp-json\/wp\/v2\/users\/1"}],"replies":[{"embeddable":true,"href":"https:\/\/krankenhauspfarramt.de\/index.php\/wp-json\/wp\/v2\/comments?post=3103"}],"version-history":[{"count":0,"href":"https:\/\/krankenhauspfarramt.de\/index.php\/wp-json\/wp\/v2\/posts\/3103\/revisions"}],"wp:attachment":[{"href":"https:\/\/krankenhauspfarramt.de\/index.php\/wp-json\/wp\/v2\/media?parent=3103"}],"wp:term":[{"taxonomy":"category","embeddable":true,"href":"https:\/\/krankenhauspfarramt.de\/index.php\/wp-json\/wp\/v2\/categories?post=3103"},{"taxonomy":"post_tag","embeddable":true,"href":"https:\/\/krankenhauspfarramt.de\/index.php\/wp-json\/wp\/v2\/tags?post=3103"}],"curies":[{"name":"wp","href":"https:\/\/api.w.org\/{rel}","templated":true}]}}