{"id":3104,"date":"2021-04-20T17:10:38","date_gmt":"2021-04-20T17:10:38","guid":{"rendered":"https:\/\/krankenhauspfarramt.de\/index.php\/2021\/04\/20\/schwaetzer-vehement-gegen-suizidbeihilfe-in-kirchlichen-heimen-ekd\/"},"modified":"2021-04-20T17:10:41","modified_gmt":"2021-04-20T17:10:41","slug":"schwaetzer-vehement-gegen-suizidbeihilfe-in-kirchlichen-heimen-ekd","status":"publish","type":"post","link":"https:\/\/krankenhauspfarramt.de\/index.php\/2021\/04\/20\/schwaetzer-vehement-gegen-suizidbeihilfe-in-kirchlichen-heimen-ekd\/","title":{"rendered":"Schwaetzer vehement gegen Suizidbeihilfe in kirchlichen Heimen \u2013 EKD"},"content":{"rendered":"<p> <br \/>\n<\/p>\n<div>\n<p>Aus der Praxis wisse sie, &#8222;dass Sterbew\u00fcnsche nicht aus heiterem Himmel fallen&#8220;. Gr\u00fcnde seien unter anderem Einsamkeit oder Depression. Erste Aufgabe sei es, zu schauen, ob anders geholfen werden k\u00f6nne. Daf\u00fcr k\u00f6nnten L\u00f6sungen gefunden werden. Bleibe jemand beim Wunsch nach Suizidassistenz, m\u00fcssten L\u00f6sungen andernorts gesucht werden, etwa in einer &#8222;h\u00e4uslichen Situation&#8220;, sagte Schwaetzer.<\/p>\n<p>Karle widersprach. Sie finde es schwierig, wenn kirchliche Einrichtungen etwa an Sterbehilfeorganisationen verweisen w\u00fcrden. Die Theologin entfachte Anfang des Jahres gemeinsam mit anderen Vertretern aus Kirche und Diakonie die Debatte um Suizidassistenz mit einem \u00f6ffentlichen Pl\u00e4doyer, diese Form der Sterbehilfe f\u00fcr kirchliche Einrichtungen nicht g\u00e4nzlich auszuschlie\u00dfen.<\/p>\n<p>&#8222;Suizide kommen in der Diakonie vor&#8220;, sagte Karle. Man k\u00f6nne nicht so tun, als sei das nicht so. Nach ihrem Vorschlag h\u00e4tten sich Diakonie-Besch\u00e4ftigte bei ihr gemeldet, die von Suizidversuchen mit Tabletten oder St\u00fcrzen aus dem Fenster in Heimen berichtet h\u00e4tten. Das belaste Mitarbeiterinnen und Mitarbeiter und m\u00fcsse deshalb offen diskutiert werden, sagte sie.<\/p>\n<p>Karle betonte zugleich, es m\u00fcsse ein Schutzkonzept geben, um etwa vor Druck von au\u00dfen zu sch\u00fctzen. Ihren Vorschlag beziehe sie ausschlie\u00dflich auf todkranke Menschen, auch wenn das Bundesverfassungsgericht das Recht auf Hilfe beim Suizid nicht an Bedingungen wie Alter und Krankheit festmacht.<\/p>\n<p>Das Bundesverfassungsgericht hatte im Februar 2020 das Verbot der organisierten &#8211; sogenannten gesch\u00e4ftsm\u00e4\u00dfigen &#8211; Hilfe bei der Selbstt\u00f6tung gekippt. Die Richter urteilten, dass das Recht auf Selbstbestimmung auch das Recht umfasst, sich das Leben zu nehmen und dabei die Hilfe Dritter in Anspruch zu nehmen. Suizidassistenz leistet, wer einem Sterbewilligen ein todbringendes Medikament \u00fcberl\u00e4sst, aber nicht verabreicht.\u00a0<\/p>\n<\/p><\/div>\n","protected":false},"excerpt":{"rendered":"<p>Aus der Praxis wisse sie, &#8222;dass Sterbew\u00fcnsche nicht aus heiterem Himmel fallen&#8220;. Gr\u00fcnde seien unter anderem Einsamkeit oder Depression. Erste<\/p>\n","protected":false},"author":1,"featured_media":3105,"comment_status":"closed","ping_status":"closed","sticky":false,"template":"","format":"standard","meta":{"footnotes":""},"categories":[20],"tags":[],"_links":{"self":[{"href":"https:\/\/krankenhauspfarramt.de\/index.php\/wp-json\/wp\/v2\/posts\/3104"}],"collection":[{"href":"https:\/\/krankenhauspfarramt.de\/index.php\/wp-json\/wp\/v2\/posts"}],"about":[{"href":"https:\/\/krankenhauspfarramt.de\/index.php\/wp-json\/wp\/v2\/types\/post"}],"author":[{"embeddable":true,"href":"https:\/\/krankenhauspfarramt.de\/index.php\/wp-json\/wp\/v2\/users\/1"}],"replies":[{"embeddable":true,"href":"https:\/\/krankenhauspfarramt.de\/index.php\/wp-json\/wp\/v2\/comments?post=3104"}],"version-history":[{"count":1,"href":"https:\/\/krankenhauspfarramt.de\/index.php\/wp-json\/wp\/v2\/posts\/3104\/revisions"}],"predecessor-version":[{"id":3106,"href":"https:\/\/krankenhauspfarramt.de\/index.php\/wp-json\/wp\/v2\/posts\/3104\/revisions\/3106"}],"wp:featuredmedia":[{"embeddable":true,"href":"https:\/\/krankenhauspfarramt.de\/index.php\/wp-json\/wp\/v2\/media\/3105"}],"wp:attachment":[{"href":"https:\/\/krankenhauspfarramt.de\/index.php\/wp-json\/wp\/v2\/media?parent=3104"}],"wp:term":[{"taxonomy":"category","embeddable":true,"href":"https:\/\/krankenhauspfarramt.de\/index.php\/wp-json\/wp\/v2\/categories?post=3104"},{"taxonomy":"post_tag","embeddable":true,"href":"https:\/\/krankenhauspfarramt.de\/index.php\/wp-json\/wp\/v2\/tags?post=3104"}],"curies":[{"name":"wp","href":"https:\/\/api.w.org\/{rel}","templated":true}]}}