{"id":3110,"date":"2021-04-21T13:31:19","date_gmt":"2021-04-21T13:31:19","guid":{"rendered":"https:\/\/krankenhauspfarramt.de\/index.php\/2021\/04\/21\/kirchlicher-aktionstag-gegen-atomwaffen-in-hybrider-form-in-buechel-ekd\/"},"modified":"2021-04-21T13:31:19","modified_gmt":"2021-04-21T13:31:19","slug":"kirchlicher-aktionstag-gegen-atomwaffen-in-hybrider-form-in-buechel-ekd","status":"publish","type":"post","link":"https:\/\/krankenhauspfarramt.de\/index.php\/2021\/04\/21\/kirchlicher-aktionstag-gegen-atomwaffen-in-hybrider-form-in-buechel-ekd\/","title":{"rendered":"Kirchlicher Aktionstag gegen Atomwaffen in hybrider Form in B\u00fcchel \u2013 EKD"},"content":{"rendered":"<p> <br \/>\n<\/p>\n<div>\n<p>Der Pr\u00e4senzgottesdienst richtet sich den Angaben zufolge vor allem an Menschen aus der Region, um die Teilnehmerzahl pandemiebedingt begrenzt zu halten. Ein Livestream sei wiederum f\u00fcr Interessierte au\u00dferhalb der Eifel vorgesehen &#8211; ebenso sollen die geplanten Kultur- und Redebeitr\u00e4ge als Videos im Netz verf\u00fcgbar sein, hie\u00df es.<\/p>\n<p>Im vergangenen Jahr musste der kirchliche Aktionstag komplett virtuell stattfinden. Kurschus und Kohlgraf hielten Gru\u00dfworte, ein Film zeigte die bisherigen Aktionstage am Fliegerhorst B\u00fcchel. Beim Start der kirchlichen Aktionstage 2018 war der damalige EKD-Friedensbeauftragte Renke Brahms vor rund 500 Menschen zu Gast, 2019 hielt die fr\u00fchere EKD-Ratsvorsitzende Margot K\u00e4\u00dfmann einen Gottesdienst vor mehr als 1.000 Teilnehmern.<\/p>\n<\/p><\/div>\n","protected":false},"excerpt":{"rendered":"<p>Der Pr\u00e4senzgottesdienst richtet sich den Angaben zufolge vor allem an Menschen aus der Region, um die Teilnehmerzahl pandemiebedingt begrenzt zu<\/p>\n","protected":false},"author":1,"featured_media":0,"comment_status":"closed","ping_status":"closed","sticky":false,"template":"","format":"standard","meta":{"footnotes":""},"categories":[20],"tags":[],"_links":{"self":[{"href":"https:\/\/krankenhauspfarramt.de\/index.php\/wp-json\/wp\/v2\/posts\/3110"}],"collection":[{"href":"https:\/\/krankenhauspfarramt.de\/index.php\/wp-json\/wp\/v2\/posts"}],"about":[{"href":"https:\/\/krankenhauspfarramt.de\/index.php\/wp-json\/wp\/v2\/types\/post"}],"author":[{"embeddable":true,"href":"https:\/\/krankenhauspfarramt.de\/index.php\/wp-json\/wp\/v2\/users\/1"}],"replies":[{"embeddable":true,"href":"https:\/\/krankenhauspfarramt.de\/index.php\/wp-json\/wp\/v2\/comments?post=3110"}],"version-history":[{"count":0,"href":"https:\/\/krankenhauspfarramt.de\/index.php\/wp-json\/wp\/v2\/posts\/3110\/revisions"}],"wp:attachment":[{"href":"https:\/\/krankenhauspfarramt.de\/index.php\/wp-json\/wp\/v2\/media?parent=3110"}],"wp:term":[{"taxonomy":"category","embeddable":true,"href":"https:\/\/krankenhauspfarramt.de\/index.php\/wp-json\/wp\/v2\/categories?post=3110"},{"taxonomy":"post_tag","embeddable":true,"href":"https:\/\/krankenhauspfarramt.de\/index.php\/wp-json\/wp\/v2\/tags?post=3110"}],"curies":[{"name":"wp","href":"https:\/\/api.w.org\/{rel}","templated":true}]}}