{"id":3111,"date":"2021-04-21T13:58:01","date_gmt":"2021-04-21T13:58:01","guid":{"rendered":"https:\/\/krankenhauspfarramt.de\/index.php\/2021\/04\/21\/jeder-mensch-sollte-sich-eine-wohnung-leisten-koennen-ekd\/"},"modified":"2021-04-21T13:58:03","modified_gmt":"2021-04-21T13:58:03","slug":"jeder-mensch-sollte-sich-eine-wohnung-leisten-koennen-ekd","status":"publish","type":"post","link":"https:\/\/krankenhauspfarramt.de\/index.php\/2021\/04\/21\/jeder-mensch-sollte-sich-eine-wohnung-leisten-koennen-ekd\/","title":{"rendered":"\u201eJeder Mensch sollte sich eine Wohnung leisten k\u00f6nnen\u201c \u2013 EKD"},"content":{"rendered":"<p> <br \/>\n<\/p>\n<div id=\"\">\n<div class=\"article--meta article--meta__border clearfix\">\n<p>                                    <time datetime=\"21.04.2021 13:00\" class=\"article--time\">21.04.2021<\/time><strong class=\"article--type primus--overline\">Pressemitteilung<\/strong><\/p>\n<picture class=\"article--source-image image\"><source srcset=\"https:\/\/ekd.de\/ekd_de\/ds_img\/assets\/20170622_ekd-Quellenlogo_141_rdax_423x118.png\"><!--<source srcset=\"\/ekd_de\/ds_img\/assets\/20170622_ekd-Quellenlogo_141_rdax_141x39.png 1x, \/ekd_de\/ds_img\/assets\/20170622_ekd-Quellenlogo_141_rdax_282x78.png 2x, https:\/\/ekd.de\/ekd_de\/ds_img\/assets\/20170622_ekd-Quellenlogo_141_rdax_423x118.png 3x\">--><\/source><\/picture>\n<\/p><\/div>\n<h2 class=\"article--sub-headline primus--sub-headline\">EKD-Text \u201eBezahlbar wohnen. Anst\u00f6\u00dfe zur gerechten Gestaltung des Wohnungsmarktes\u201c ver\u00f6ffentlicht<\/h2>\n<\/p><\/div>\n<div id=\"\">\n<p>Nicht erst die Diskussion um das j\u00fcngste Urteil des Bundesverfassungsgerichts zum \u201eBerliner Mietendeckel\u201c hat die Sorge um bezahlbaren Wohnraum vor allem in den Ballungsgebieten noch einmal drastisch verdeutlicht. Die heute von der Evangelischen Kirche in Deutschland (EKD) ver\u00f6ffentlichte Schrift \u201eBezahlbar wohnen\u201c widmet sich diesem aktuellen Thema aus theologisch-ethischer Perspektive. \u201eWohnen ist ein Grundbed\u00fcrfnis\u201c, unterstreicht der Vorsitzende des Rates der EKD, Landesbischof Heinrich Bedford-Strohm. \u201eJeder Mensch sollte sich eine Wohnung leisten k\u00f6nnen.\u201c Es sei an der Zeit, die Wohnungs- und Baupolitik und die Frage nach \u201egutem Wohnen\u201c neu in den Fokus zu r\u00fccken. \u201eAls Kirche und Diakonie nehmen wir die N\u00f6te wahr, wenn der Verlust der Wohnung droht, Wohnungslosigkeit eingetreten ist oder wenn Kindern unter prek\u00e4ren Bedingungen der Entfaltungsraum fehlt \u2013 erst recht, wenn, wie j\u00fcngst unter Bedingungen der Corona-Pandemie, Kinder und Jugendliche keinen gesch\u00fctzten Raum f\u00fcr Homeschooling haben\u201c, so Bedford-Strohm.<\/p>\n<p>Der EKD-Text richtet sich an alle Akteurinnen und Akteure des Wohnungsmarktes und gibt Impulse, wie die Entwicklung des Wohnungsmarktes gerecht, solidarisch und nachhaltig gestaltet werden kann. Verfasst wurde er von der EKD-Kammer f\u00fcr soziale Ordnung unter dem Vorsitz von Edeltraud Gl\u00e4nzer. \u201eIn den deutschen Ballungsgebieten und zunehmend auch in mittelgro\u00dfen St\u00e4dten finden selbst Menschen mit mittlerem Einkommen kaum noch bezahlbaren Wohnraum\u201c, so Gl\u00e4nzer. Zu den Gr\u00fcnden z\u00e4hlten unter anderem die sich zuspitzenden Bedarfe an Wohnraum in Ballungsgebieten, zu langsames Bauen und vor allem die Finanzialisierung des Immobilienmarktes, wobei vor allem die Knappheit des Bodens preistreibend wirke. \u201eDas wohnungspolitisch zu l\u00f6sende Grundproblem besteht darin, den Preisanstieg zu d\u00e4mpfen und f\u00fcr besonders bed\u00fcrftige Teile der Bev\u00f6lkerung Senkungen der Wohnkosten zu erreichen, auch wenn gleichzeitig die Marktkr\u00e4fte stark in die Gegenrichtung wirken\u201c, erl\u00e4utert Gl\u00e4nzer. Dabei m\u00fcssten \u00f6kologische und \u00f6konomische Aspekte des Wohnens zusammengedacht und nach M\u00f6glichkeit in Balance gebracht werden.<\/p>\n<p>In dem Text angesprochen werden unter anderem Aspekte wie Infrastruktur, Eigentum an Boden, Finanzierung, Mobilit\u00e4t, Bildung und Kultur. Reflektiert wird aber auch die zivilgesellschaftliche Rolle von Kirche und Diakonie sowie deren eigenes Handeln auf dem Wohnungsmarkt.<\/p>\n<p>Die EKD-Text ist kostenfrei zum Download verf\u00fcgbar unter www.ekd.de\/wohnungsmarkt.<\/p>\n<p>Hannover, 21. April 2021<\/p>\n<p>Pressestelle der EKD<br \/>Carsten Splitt<\/p>\n<p>\u00a0<\/p>\n<p>\u00a0<\/p>\n<\/div>\n","protected":false},"excerpt":{"rendered":"<p>21.04.2021Pressemitteilung EKD-Text \u201eBezahlbar wohnen. Anst\u00f6\u00dfe zur gerechten Gestaltung des Wohnungsmarktes\u201c ver\u00f6ffentlicht Nicht erst die Diskussion um das j\u00fcngste Urteil des<\/p>\n","protected":false},"author":1,"featured_media":569,"comment_status":"closed","ping_status":"closed","sticky":false,"template":"","format":"standard","meta":{"footnotes":""},"categories":[20],"tags":[],"_links":{"self":[{"href":"https:\/\/krankenhauspfarramt.de\/index.php\/wp-json\/wp\/v2\/posts\/3111"}],"collection":[{"href":"https:\/\/krankenhauspfarramt.de\/index.php\/wp-json\/wp\/v2\/posts"}],"about":[{"href":"https:\/\/krankenhauspfarramt.de\/index.php\/wp-json\/wp\/v2\/types\/post"}],"author":[{"embeddable":true,"href":"https:\/\/krankenhauspfarramt.de\/index.php\/wp-json\/wp\/v2\/users\/1"}],"replies":[{"embeddable":true,"href":"https:\/\/krankenhauspfarramt.de\/index.php\/wp-json\/wp\/v2\/comments?post=3111"}],"version-history":[{"count":1,"href":"https:\/\/krankenhauspfarramt.de\/index.php\/wp-json\/wp\/v2\/posts\/3111\/revisions"}],"predecessor-version":[{"id":3112,"href":"https:\/\/krankenhauspfarramt.de\/index.php\/wp-json\/wp\/v2\/posts\/3111\/revisions\/3112"}],"wp:featuredmedia":[{"embeddable":true,"href":"https:\/\/krankenhauspfarramt.de\/index.php\/wp-json\/wp\/v2\/media\/569"}],"wp:attachment":[{"href":"https:\/\/krankenhauspfarramt.de\/index.php\/wp-json\/wp\/v2\/media?parent=3111"}],"wp:term":[{"taxonomy":"category","embeddable":true,"href":"https:\/\/krankenhauspfarramt.de\/index.php\/wp-json\/wp\/v2\/categories?post=3111"},{"taxonomy":"post_tag","embeddable":true,"href":"https:\/\/krankenhauspfarramt.de\/index.php\/wp-json\/wp\/v2\/tags?post=3111"}],"curies":[{"name":"wp","href":"https:\/\/api.w.org\/{rel}","templated":true}]}}