{"id":3119,"date":"2021-04-22T10:23:46","date_gmt":"2021-04-22T10:23:46","guid":{"rendered":"https:\/\/krankenhauspfarramt.de\/index.php\/2021\/04\/22\/evangelische-kirche-veroeffentlicht-denkschrift-zur-digitalisierung-ekd\/"},"modified":"2021-04-22T10:23:49","modified_gmt":"2021-04-22T10:23:49","slug":"evangelische-kirche-veroeffentlicht-denkschrift-zur-digitalisierung-ekd","status":"publish","type":"post","link":"https:\/\/krankenhauspfarramt.de\/index.php\/2021\/04\/22\/evangelische-kirche-veroeffentlicht-denkschrift-zur-digitalisierung-ekd\/","title":{"rendered":"Evangelische Kirche ver\u00f6ffentlicht Denkschrift zur Digitalisierung \u2013 EKD"},"content":{"rendered":"<p> <br \/>\n<\/p>\n<div id=\"\">\n<div class=\"article--meta article--meta__border clearfix\">\n<p>                                    <time datetime=\"22.04.2021 11:45\" class=\"article--time\">22.04.2021<\/time><strong class=\"article--type primus--overline\">Pressemitteilung<\/strong><\/p>\n<picture class=\"article--source-image image\"><source srcset=\"https:\/\/ekd.de\/ekd_de\/ds_img\/assets\/20170622_ekd-Quellenlogo_141_rdax_423x118.png\"><!--<source srcset=\"\/ekd_de\/ds_img\/assets\/20170622_ekd-Quellenlogo_141_rdax_141x39.png 1x, \/ekd_de\/ds_img\/assets\/20170622_ekd-Quellenlogo_141_rdax_282x78.png 2x, https:\/\/ekd.de\/ekd_de\/ds_img\/assets\/20170622_ekd-Quellenlogo_141_rdax_423x118.png 3x\">--><\/source><\/picture>\n<\/p><\/div>\n<h2 class=\"article--sub-headline primus--sub-headline\">Bedford-Strohm: \u201eDie Zehn Gebote erweisen sich auch in Zeiten des digitalen Wandels als hilfreiches Gel\u00e4nder\u201c<\/h2>\n<\/p><\/div>\n<div id=\"\">\n<p class=\"GBFliesstext\" style=\"margin-bottom:4pt; margin-left:0cm; margin-right:0cm; margin-top:0cm\"><span style=\"line-height:normal\">Die Digitalisierung hat nahezu alle Lebensbereiche durchdrungen. Durch die Corona-Pandemie wird diese Entwicklung noch einmal verst\u00e4rkt. Grundfragen des Lebens stellen sich angesichts dieses epochalen \u00dcbergangs neu: In welcher Welt wollen wir leben? Wie gehen wir miteinander um? Wie \u00fcbernehmen wir Verantwortung f\u00fcr die Umwelt, f\u00fcr die Arbeit 4.0? Wie ver\u00e4ndert sich die demokratische Meinungsbildung oder der Umgang mit Sexualit\u00e4t? Mit der heute ver\u00f6ffentlichten Denkschrift \u201eFreiheit digital. Die Zehn Gebote in Zeiten des digitalen Wandels\u201c will die Evangelische Kirche in Deutschland (EKD) in diesen Fragen ethische Orientierung geben.<\/span><\/p>\n<p class=\"GBFliesstext\" style=\"margin-bottom:4pt; margin-left:0cm; margin-right:0cm; margin-top:0cm\">\u00a0<\/p>\n<p class=\"GBFliesstext\" style=\"margin-bottom:4pt; margin-left:0cm; margin-right:0cm; margin-top:0cm\"><span style=\"line-height:normal\">\u201eWeil sich die Technologien in den vergangenen zehn Jahren so rasant weiterentwickelt haben, hinken die gesellschaftlichen Normen f\u00fcr ihre Nutzung zwangsl\u00e4ufig hinterher\u201c, so der EKD-Ratsvorsitzende Heinrich Bedford-Strohm. \u201eUmso dringlicher ist es, die ethischen Folgen der Digitalisierung st\u00e4rker in den Blick zu nehmen, und sich \u00fcber einen verantwortlichen Umgang mit den Technologien zu verst\u00e4ndigen.\u201c Die Denkschrift, die sich in Aufbau und Inhalt an den Zehn Geboten orientiert, mache deutlich, wie hilfreich die biblischen Traditionen daf\u00fcr seien. \u201eDie Zehn Gebote erweisen sich auch in Zeiten des digitalen Wandels als hilfreiches Gel\u00e4nder f\u00fcr ein Leben in Freiheit und Verantwortung\u201c, so Landesbischof Bedford-Strohm.<\/span><\/p>\n<p class=\"GBFliesstext\" style=\"margin-bottom:4pt; margin-left:0cm; margin-right:0cm; margin-top:0cm\">\u00a0<\/p>\n<p class=\"GBFliesstext\" style=\"margin-bottom:4pt; margin-left:0cm; margin-right:0cm; margin-top:0cm\">Erarbeitet wurde die Denkschrift von der EKD-Kammer f\u00fcr soziale Ordnung. Deren stellvertretender Vorsitzender, Traugott J\u00e4hnichen, unterstreicht, dass die Denkschrift die Chancen der Digitalisierung darstelle: \u201eWir k\u00f6nnen neue Formen des Zusammenlebens und des Austausches entwickeln, Bildungssystem und Arbeitswelt neu gestalten. Es liegt also an uns, unsere Freiheit und Kreativit\u00e4t bewusst positiv zu nutzen. Das gilt auch im Internet, in den sozialen Medien und beim Umgang mit digitaler Technik\u201c, so J\u00e4hnichen.<\/p>\n<p class=\"GBFliesstext\" style=\"margin-bottom:4pt; margin-left:0cm; margin-right:0cm; margin-top:0cm\">\u00a0<\/p>\n<p class=\"GBFliesstext\" style=\"margin-bottom:4pt; margin-left:0cm; margin-right:0cm; margin-top:0cm\"><span style=\"line-height:normal\">Die Ver\u00f6ffentlichung der Denkschrift wird unter www.ekd-digital.de und in Social Media unter #EKDigital mit einer digitalen Kampagne begleitet. Unterschiedliche Veranstaltungsreihen sollen die Diskussion um einen verantwortlichen Umgang mit der Digitalisierung in Kirche und Gesellschaft verbreitern.<\/span><\/p>\n<p>Hannover, 22. April 2021<\/p>\n<p>Pressestelle der EKD<br \/>Carsten Splitt<\/p>\n<p>\u00a0<\/p>\n<\/div>\n","protected":false},"excerpt":{"rendered":"<p>22.04.2021Pressemitteilung Bedford-Strohm: \u201eDie Zehn Gebote erweisen sich auch in Zeiten des digitalen Wandels als hilfreiches Gel\u00e4nder\u201c Die Digitalisierung hat nahezu<\/p>\n","protected":false},"author":1,"featured_media":3120,"comment_status":"closed","ping_status":"closed","sticky":false,"template":"","format":"standard","meta":{"footnotes":""},"categories":[20],"tags":[],"_links":{"self":[{"href":"https:\/\/krankenhauspfarramt.de\/index.php\/wp-json\/wp\/v2\/posts\/3119"}],"collection":[{"href":"https:\/\/krankenhauspfarramt.de\/index.php\/wp-json\/wp\/v2\/posts"}],"about":[{"href":"https:\/\/krankenhauspfarramt.de\/index.php\/wp-json\/wp\/v2\/types\/post"}],"author":[{"embeddable":true,"href":"https:\/\/krankenhauspfarramt.de\/index.php\/wp-json\/wp\/v2\/users\/1"}],"replies":[{"embeddable":true,"href":"https:\/\/krankenhauspfarramt.de\/index.php\/wp-json\/wp\/v2\/comments?post=3119"}],"version-history":[{"count":1,"href":"https:\/\/krankenhauspfarramt.de\/index.php\/wp-json\/wp\/v2\/posts\/3119\/revisions"}],"predecessor-version":[{"id":3121,"href":"https:\/\/krankenhauspfarramt.de\/index.php\/wp-json\/wp\/v2\/posts\/3119\/revisions\/3121"}],"wp:featuredmedia":[{"embeddable":true,"href":"https:\/\/krankenhauspfarramt.de\/index.php\/wp-json\/wp\/v2\/media\/3120"}],"wp:attachment":[{"href":"https:\/\/krankenhauspfarramt.de\/index.php\/wp-json\/wp\/v2\/media?parent=3119"}],"wp:term":[{"taxonomy":"category","embeddable":true,"href":"https:\/\/krankenhauspfarramt.de\/index.php\/wp-json\/wp\/v2\/categories?post=3119"},{"taxonomy":"post_tag","embeddable":true,"href":"https:\/\/krankenhauspfarramt.de\/index.php\/wp-json\/wp\/v2\/tags?post=3119"}],"curies":[{"name":"wp","href":"https:\/\/api.w.org\/{rel}","templated":true}]}}