{"id":3127,"date":"2021-04-27T07:56:06","date_gmt":"2021-04-27T07:56:06","guid":{"rendered":"https:\/\/krankenhauspfarramt.de\/index.php\/2021\/04\/27\/neue-ekd-synode-komplett-ekd\/"},"modified":"2021-04-27T07:56:08","modified_gmt":"2021-04-27T07:56:08","slug":"neue-ekd-synode-komplett-ekd","status":"publish","type":"post","link":"https:\/\/krankenhauspfarramt.de\/index.php\/2021\/04\/27\/neue-ekd-synode-komplett-ekd\/","title":{"rendered":"Neue EKD-Synode komplett \u2013 EKD"},"content":{"rendered":"<p> <br \/>\n<\/p>\n<div id=\"\">\n<div class=\"article--meta article--meta__border clearfix\">\n<p>                                    <time datetime=\"27.04.2021 09:00\" class=\"article--time\">27.04.2021<\/time><strong class=\"article--type primus--overline\">Pressemitteilung<\/strong><\/p>\n<picture class=\"article--source-image image\"><source srcset=\"https:\/\/ekd.de\/ekd_de\/ds_img\/assets\/20170622_ekd-Quellenlogo_141_rdax_423x118.png\"><!--<source srcset=\"\/ekd_de\/ds_img\/assets\/20170622_ekd-Quellenlogo_141_rdax_141x39.png 1x, \/ekd_de\/ds_img\/assets\/20170622_ekd-Quellenlogo_141_rdax_282x78.png 2x, https:\/\/ekd.de\/ekd_de\/ds_img\/assets\/20170622_ekd-Quellenlogo_141_rdax_423x118.png 3x\">--><\/source><\/picture>\n<\/p><\/div>\n<h2 class=\"article--sub-headline primus--sub-headline\">Pr\u00e4ses Schwaetzer: EKD-Synode kann deutlich verj\u00fcngt Kirche der Zukunft gestalten<\/h2>\n<\/p><\/div>\n<div id=\"\">\n<p class=\"EKDAdressdaten\">Die Mitglieder der 13. Synode der Evangelischen Kirche in Deutschland (EKD) sind heute in Hannover bekannt gegeben worden. Zu den insgesamt 128 von den Gliedkirchen gew\u00e4hlten und vom Rat berufenen EKD-Mitgliedern z\u00e4hlen neben vielen ehrenamtlich engagierten Gemeindegliedern auch hauptamtliche Theologinnen und Theologen und Pers\u00f6nlichkeiten aus Politik, Wissenschaft und Kultur. Mit einem Frauenanteil von 50,8 Prozent erreicht die Synode erstmals einen h\u00f6heren Frauen- als M\u00e4nneranteil.<\/p>\n<p class=\"EKDAdressdaten\">Das Durchschnittsalter der Synodalen ist gegen\u00fcber der vorherigen Synode deutlich gesunken. Mit einem Durchschnitt von 48,35 Jahren liegt das Gremium knapp 5,5 Jahre unter dem Schnitt der gew\u00e4hlten und berufenen Mitglieder im Mai 2015. Dies geht vor allem auf einen Beschluss der 12. Synode zur\u00fcck, die auf ihrer Sitzung im November 2019 in Dresden beschlossen hatte, dass mindestens 20 von 128 Synodalen zu Beginn des Jahres, in dem die Synode sich konstituiert, zwischen 18 und 26 Jahren alt sein m\u00fcssen. In der 13. Synode trifft dies sogar auf 25 Synodale zu. \u201eIch freue mich, dass die EKD-Synode deutlich verj\u00fcngt, die Kirche der Zukunft gestalten kann\u201c, sagte die amtierende Pr\u00e4ses Irmgard Schwaetzer.<\/p>\n<p class=\"EKDAdressdaten\">Neben Neusynodalen wie dem Fernsehkorrespondent Arnd Henze und der Professorin Kristin Merle, geh\u00f6ren dem Kirchenparlament auch weiterhin vertraute Gesichter wie die bisherige Vize-Pr\u00e4ses Elke K\u00f6nig oder der CDU-Politiker Hermann Gr\u00f6he an.<\/p>\n<p class=\"EKDAdressdaten\">Die Synodalen werden jeweils f\u00fcr die Dauer von sechs Jahren gew\u00e4hlt. Zu ihren Aufgaben geh\u00f6ren die Beratungen und Beschl\u00fcsse \u00fcber Haushalt und Kirchengesetze. Des Weiteren beraten sie \u00fcber die Arbeit der EKD, er\u00f6rtern Fragen des kirchlichen und gesellschaftlichen Lebens und geben dem Rat Richtlinien.<\/p>\n<p class=\"EKDAdressdaten\">Geleitet wird die Synode von dem oder der Pr\u00e4ses, die dabei von einem Pr\u00e4sidium unterst\u00fctzt wird. Pr\u00e4ses und Pr\u00e4sidium werden von den Synodalen gew\u00e4hlt. Die 13. Synode konstituiert sich im Rahmen der verbundenen Tagung gemeinsam mit der 13. Generalsynode der VELKD und der 4. Vollkonferenz der UEK vom 6. bis 8.\u00a0Mai 2021 in einer digitalen Sitzung. Im November wird sie in Bremen den neuen Rat sowie dessen Vorsitzende\/n w\u00e4hlen.<\/p>\n<p class=\"EKDAdressdaten\">Eine \u00dcbersicht \u00fcber die Mitglieder der 13. Synode der EKD finden Sie online unter https:\/\/www.ekd.de\/mitglieder-13-synode-der-ekd-63138.htm.<\/p>\n<p class=\"EKDAdressdaten\">Hannover, 27. April 2021<\/p>\n<p class=\"EKDAdressdaten\">Pressestelle der EKD<br \/>Annika Lukas<\/p>\n<\/div>\n","protected":false},"excerpt":{"rendered":"<p>27.04.2021Pressemitteilung Pr\u00e4ses Schwaetzer: EKD-Synode kann deutlich verj\u00fcngt Kirche der Zukunft gestalten Die Mitglieder der 13. Synode der Evangelischen Kirche in<\/p>\n","protected":false},"author":1,"featured_media":569,"comment_status":"closed","ping_status":"closed","sticky":false,"template":"","format":"standard","meta":{"footnotes":""},"categories":[20],"tags":[],"_links":{"self":[{"href":"https:\/\/krankenhauspfarramt.de\/index.php\/wp-json\/wp\/v2\/posts\/3127"}],"collection":[{"href":"https:\/\/krankenhauspfarramt.de\/index.php\/wp-json\/wp\/v2\/posts"}],"about":[{"href":"https:\/\/krankenhauspfarramt.de\/index.php\/wp-json\/wp\/v2\/types\/post"}],"author":[{"embeddable":true,"href":"https:\/\/krankenhauspfarramt.de\/index.php\/wp-json\/wp\/v2\/users\/1"}],"replies":[{"embeddable":true,"href":"https:\/\/krankenhauspfarramt.de\/index.php\/wp-json\/wp\/v2\/comments?post=3127"}],"version-history":[{"count":1,"href":"https:\/\/krankenhauspfarramt.de\/index.php\/wp-json\/wp\/v2\/posts\/3127\/revisions"}],"predecessor-version":[{"id":3128,"href":"https:\/\/krankenhauspfarramt.de\/index.php\/wp-json\/wp\/v2\/posts\/3127\/revisions\/3128"}],"wp:featuredmedia":[{"embeddable":true,"href":"https:\/\/krankenhauspfarramt.de\/index.php\/wp-json\/wp\/v2\/media\/569"}],"wp:attachment":[{"href":"https:\/\/krankenhauspfarramt.de\/index.php\/wp-json\/wp\/v2\/media?parent=3127"}],"wp:term":[{"taxonomy":"category","embeddable":true,"href":"https:\/\/krankenhauspfarramt.de\/index.php\/wp-json\/wp\/v2\/categories?post=3127"},{"taxonomy":"post_tag","embeddable":true,"href":"https:\/\/krankenhauspfarramt.de\/index.php\/wp-json\/wp\/v2\/tags?post=3127"}],"curies":[{"name":"wp","href":"https:\/\/api.w.org\/{rel}","templated":true}]}}