{"id":3135,"date":"2021-04-29T12:58:33","date_gmt":"2021-04-29T12:58:33","guid":{"rendered":"https:\/\/krankenhauspfarramt.de\/index.php\/2021\/04\/29\/historischer-tag-fuer-den-klimaschutz-in-deutschland-ekd\/"},"modified":"2021-04-29T12:58:35","modified_gmt":"2021-04-29T12:58:35","slug":"historischer-tag-fuer-den-klimaschutz-in-deutschland-ekd","status":"publish","type":"post","link":"https:\/\/krankenhauspfarramt.de\/index.php\/2021\/04\/29\/historischer-tag-fuer-den-klimaschutz-in-deutschland-ekd\/","title":{"rendered":"\u201eHistorischer Tag f\u00fcr den Klimaschutz in Deutschland\u201c \u2013 EKD"},"content":{"rendered":"<p> <br \/>\n<\/p>\n<div id=\"\">\n<div class=\"article--meta article--meta__border clearfix\">\n<p>                                    <time datetime=\"29.04.2021 14:00\" class=\"article--time\">29.04.2021<\/time><strong class=\"article--type primus--overline\">Pressemitteilung<\/strong><\/p>\n<picture class=\"article--source-image image\"><source srcset=\"https:\/\/ekd.de\/ekd_de\/ds_img\/assets\/20170622_ekd-Quellenlogo_141_rdax_423x118.png\"><!--<source srcset=\"\/ekd_de\/ds_img\/assets\/20170622_ekd-Quellenlogo_141_rdax_141x39.png 1x, \/ekd_de\/ds_img\/assets\/20170622_ekd-Quellenlogo_141_rdax_282x78.png 2x, https:\/\/ekd.de\/ekd_de\/ds_img\/assets\/20170622_ekd-Quellenlogo_141_rdax_423x118.png 3x\">--><\/source><\/picture>\n<\/p><\/div>\n<h2 class=\"article--sub-headline primus--sub-headline\">Bedford-Strohm begr\u00fc\u00dft Urteil des Bundesverfassungsgerichts zum Klimaschutz<\/h2>\n<\/p><\/div>\n<div id=\"\">\n<p><span style=\"background-attachment:initial; background-clip:initial; background-image:initial; background-origin:initial; background-position:initial; background-repeat:initial; background-size:initial\">Der Ratsvorsitzende der Evangelischen Kirche in Deutschland (EKD), Landesbischof Heinrich Bedford-Strohm, hat die heutige Entscheidung des Bundesverfassungsgerichts zum Klimaschutzgesetz von 2019 als \u201eepochales Urteil\u201c begr\u00fc\u00dft: \u201eAus meiner Sicht ist das heutige Urteil des Bundesverfassungsgerichts zum Klimaschutzgesetz ein epochales Urteil, \u00fcber das ich mich deswegen sehr freue. Erstmals ist das, was wir als Kirchen seit vielen Jahre als ethisch gefordert unterstrichen haben, auch als rechtlich notwendig festgestellt worden: Es ist unvereinbar mit dem Grundgesetz, wenn die jetzige Generation die Kosten ihres Lebensstils den kommenden Generationen aufb\u00fcrdet\u201c, so der Ratsvorsitzende auf seiner Facebook-Seite.<\/span><\/p>\n<p>Bedford-Strohm: \u201eWas wir jetzt verursachen, m\u00fcssen wir auch zu bezahlen bereit sein. Das \u201azu teuer\u2018, das so lange als Gegenargument gegen beherzte Schritte, die Pariser Klimaziele, verwendet worden ist, gilt seit heute endg\u00fcltig nicht mehr. Schon Jesus hat in der Bergpredigt gesagt: \u201eAlles, was ihr wollt, dass euch die Leute tun sollen, das tut ihnen auch!\u201c Das ist eigentlich f\u00fcr jeden einleuchtend. Und es gilt auch im Verh\u00e4ltnis zu den kommenden Generationen. Jetzt hat das Bundesverfassungsgericht es h\u00f6chstrichterlich best\u00e4tigt. Ein historischer Tag f\u00fcr den Klimaschutz in Deutschland!\u201c, so der Ratsvorsitzende.<\/p>\n<p><span style=\"letter-spacing:.1pt\">Die Kirchen geh\u00f6rten zu den ersten F\u00fcrsprechern von nachhaltigem Handeln. So hatte der \u00d6kumenische Rat der Kirchen bereits 1975 mit der Forderung einer \u201enachhaltigen und verantwortlichen Gesellschaft\u201c den Begriff der Nachhaltigkeit erstmals auf die internationale politische Agenda gesetzt \u2013 als der Klimawandel noch nicht im gesellschaftlichen Fokus stand. <\/span><\/p>\n<p>Er freue sich aber auch ganz pers\u00f6nlich, so Bedford-Strohm: \u201eIch m\u00f6chte, dass mein Enkel mindestens die gleichen Lebenschancen hat wie ich. Ich bin dankbar daf\u00fcr, dass das Bundesverfassungsgericht sich heute zum Anwalt seiner Generation gemacht hat. Das wird auch allen in politischer Verantwortung R\u00fcckenwind geben, die eine konsequente Klimapolitik gegen starke Gegenkr\u00e4fte durchzusetzen versuchen.<\/p>\n<p>Hinweis: Die Facebook-Seite des EKD-Ratsvorsitzenden ist erreichbar unter: \u00a0facebook.com\/landesbischof. Informationen zum kirchlichen Engagement f\u00fcr den Klimaschutz finden Sie unter\u00a0 www.ekd.de\/klimawandel<\/p>\n<p>Hannover, 29. April 2021<\/p>\n<p class=\"EKDFlietext\">Pressestelle der EKD<br \/>Carsten Splitt<\/p>\n<\/div>\n","protected":false},"excerpt":{"rendered":"<p>29.04.2021Pressemitteilung Bedford-Strohm begr\u00fc\u00dft Urteil des Bundesverfassungsgerichts zum Klimaschutz Der Ratsvorsitzende der Evangelischen Kirche in Deutschland (EKD), Landesbischof Heinrich Bedford-Strohm, hat<\/p>\n","protected":false},"author":1,"featured_media":569,"comment_status":"closed","ping_status":"closed","sticky":false,"template":"","format":"standard","meta":{"footnotes":""},"categories":[20],"tags":[],"_links":{"self":[{"href":"https:\/\/krankenhauspfarramt.de\/index.php\/wp-json\/wp\/v2\/posts\/3135"}],"collection":[{"href":"https:\/\/krankenhauspfarramt.de\/index.php\/wp-json\/wp\/v2\/posts"}],"about":[{"href":"https:\/\/krankenhauspfarramt.de\/index.php\/wp-json\/wp\/v2\/types\/post"}],"author":[{"embeddable":true,"href":"https:\/\/krankenhauspfarramt.de\/index.php\/wp-json\/wp\/v2\/users\/1"}],"replies":[{"embeddable":true,"href":"https:\/\/krankenhauspfarramt.de\/index.php\/wp-json\/wp\/v2\/comments?post=3135"}],"version-history":[{"count":1,"href":"https:\/\/krankenhauspfarramt.de\/index.php\/wp-json\/wp\/v2\/posts\/3135\/revisions"}],"predecessor-version":[{"id":3136,"href":"https:\/\/krankenhauspfarramt.de\/index.php\/wp-json\/wp\/v2\/posts\/3135\/revisions\/3136"}],"wp:featuredmedia":[{"embeddable":true,"href":"https:\/\/krankenhauspfarramt.de\/index.php\/wp-json\/wp\/v2\/media\/569"}],"wp:attachment":[{"href":"https:\/\/krankenhauspfarramt.de\/index.php\/wp-json\/wp\/v2\/media?parent=3135"}],"wp:term":[{"taxonomy":"category","embeddable":true,"href":"https:\/\/krankenhauspfarramt.de\/index.php\/wp-json\/wp\/v2\/categories?post=3135"},{"taxonomy":"post_tag","embeddable":true,"href":"https:\/\/krankenhauspfarramt.de\/index.php\/wp-json\/wp\/v2\/tags?post=3135"}],"curies":[{"name":"wp","href":"https:\/\/api.w.org\/{rel}","templated":true}]}}