{"id":3140,"date":"2021-05-03T09:38:02","date_gmt":"2021-05-03T09:38:02","guid":{"rendered":"https:\/\/krankenhauspfarramt.de\/index.php\/2021\/05\/03\/25-04-2021-entrechtet-gedemuetigt-verschleppt-und-ermordet\/"},"modified":"2021-05-03T09:38:02","modified_gmt":"2021-05-03T09:38:02","slug":"25-04-2021-entrechtet-gedemuetigt-verschleppt-und-ermordet","status":"publish","type":"post","link":"https:\/\/krankenhauspfarramt.de\/index.php\/2021\/05\/03\/25-04-2021-entrechtet-gedemuetigt-verschleppt-und-ermordet\/","title":{"rendered":"25.04.2021 \u201eEntrechtet, gedem\u00fctigt, verschleppt und ermordet.\u201c"},"content":{"rendered":"<p><img decoding=\"async\" src=\"https:\/\/www.elk-wue.de\/\" \/><\/p>\n<div id=\"c27399\">\n<header>\n<h2 class=\"b_is-headline\">\u201eEntrechtet, gedem\u00fctigt, verschleppt und ermordet.\u201c<\/h2>\n<h3>Gedenkstunde: Landesbischof Dr. h. c. Frank Otfried July erinnert an die aus Stuttgart deportierten Juden<\/h3>\n<\/header>\n<p>Stuttgart. Aus Anlass einer Gedenkstunde am Sonntag, 25. April, im Stuttgarter Hospitalhof hat Landesbischof Dr. h. c. Frank Otfried July an die J\u00fcdinnen und Juden erinnert, \u201edie am 26. April 1942 hier in Stuttgart vom Killesberg \u00fcber den Nordbahnhof nach Izbica deportiert worden sind &#8211; entrechtet, gedem\u00fctigt, gewaltsam verschleppt und schlie\u00dflich ermordet\u201c. Mehr als 400 Menschen mussten damals ihr Zuhause verlassen, wurden in das Transitghetto unweit des polnischen Ortes Lublin gebracht und sp\u00e4ter in verschiedenen Vernichtungslagern get\u00f6tet.<\/p>\n<p>July thematisierte die Schuldfrage: \u201eAuch aus Familien, in denen ein Christian und ein Gottlob getauft wurde, kamen die T\u00e4ter. Es ist auch unsere Kirchen-Geschichte.\u201c Die Vornamen dieser beiden T\u00e4ter w\u00fcrden nahezu herausschreien, welche Schuld Christen und Kirche auf sich geladen haben. Mit den Worten des Apostels Paulus machte der Landesbischof deutlich, \u201edass Israel bleibend die Wurzel ist, von der auch wir leben\u201c. (R\u00f6mer 11,18). \u201eEs ist bitter, dass es bis heute Antisemitismus in unserem Land gibt; ein Tag der Erinnerung wie heute erweist die Schamlosigkeit derer, die von ihrem Hass nicht ablassen.\u201c<\/p>\n<p>Die Gedenkstunde war Teil der Themenreihe \u201eJ\u00fcdisches Leben in Deutschland. 1.700 Jahre Begegnung und Vergegnung\u201c, einer Kooperation des Evangelischen Bildungszentrums im Stuttgarter Hospitalhof mit verschiedenen Gemeinschaften und Vereinen. Aufgrund der Corona-Pandemie und der hohen Inzidenzzahl in Stuttgart wurde die Gedenkstunde per Livestream \u00fcbertragen.<\/p>\n<p>Prof. Barbara Traub von der Israelitischen Religionsgemeinschaft W\u00fcrttemberg (IRGW) machte anl\u00e4sslich der Veranstaltung deutlich: \u201eWir begehen in diesem Jahr 1.700 Jahre j\u00fcdische Geschichte auf dem Boden der Bundesrepublik Deutschland. Dazu geh\u00f6rt f\u00fcr uns, heute nicht nur der freudvollen Momente und Entwicklungen, sondern auch der Br\u00fcche zu gedenken. Der schwerste Bruch wurde durch die Deportation und Ermordung der j\u00fcdischen Bev\u00f6lkerung vollzogen. Wir gedenken der Opfer, um sie in unserer Erinnerung lebendig zu halten, wie es die j\u00fcdische Tradition gebietet.\u201c<\/p>\n<p>Der Leiter des Stuttgarter Stadtarchivs, Prof. Dr. Roland M\u00fcller, schilderte das Leid der Opfer: Ihrem Zuhause entrissen, h\u00e4tten sie nur Reisegep\u00e4ck, Wolldecken und Kissen mitnehmen d\u00fcrfen, ihr \u00fcbriger Besitz wurde enteignet. In Izbica lebten zum Teil zehn Familien auf engem Raum, die Brotration f\u00fcr Nichtarbeitende betrug 50 Gramm am Tag. \u201eSt\u00e4ndig vom Tod bedroht vegetierten die Menschen buchst\u00e4blich dahin\u201c, so M\u00fcller. In den Vernichtungslagern angekommen, h\u00e4tten sie dann nur noch wenige Stunden \u00fcberlebt. Der Archivar geht davon, dass alle mehr als 400 Verschleppten der zweiten gro\u00dfen Stuttgarter Deportation ermordet wurden.<\/p>\n<p>\u00a0<\/p>\n<p>Oliver Hoesch<br \/>Sprecher der Landeskirche\u00a0\u00a0\u00a0\u00a0\u00a0\u00a0\u00a0<\/p>\n<p>\u00a0<\/p>\n<p><strong>Hinweis:<\/strong> Der Livestream zur Gedenkstunde ist am Sonntag, 25. April, ab 18 Uhr hier abrufbar. Fotos von Landesbischof July und vom Deportations-Mahnmal auf dem Killesberg in Stuttgart k\u00f6nnen Sie im Pressebereich unserer Homepage herunterladen.\u00a0<\/p>\n<\/div>\n","protected":false},"excerpt":{"rendered":"<p>\u201eEntrechtet, gedem\u00fctigt, verschleppt und ermordet.\u201c Gedenkstunde: Landesbischof Dr. h. c. Frank Otfried July erinnert an die aus Stuttgart deportierten Juden<\/p>\n","protected":false},"author":1,"featured_media":0,"comment_status":"closed","ping_status":"closed","sticky":false,"template":"","format":"standard","meta":{"footnotes":""},"categories":[21],"tags":[],"_links":{"self":[{"href":"https:\/\/krankenhauspfarramt.de\/index.php\/wp-json\/wp\/v2\/posts\/3140"}],"collection":[{"href":"https:\/\/krankenhauspfarramt.de\/index.php\/wp-json\/wp\/v2\/posts"}],"about":[{"href":"https:\/\/krankenhauspfarramt.de\/index.php\/wp-json\/wp\/v2\/types\/post"}],"author":[{"embeddable":true,"href":"https:\/\/krankenhauspfarramt.de\/index.php\/wp-json\/wp\/v2\/users\/1"}],"replies":[{"embeddable":true,"href":"https:\/\/krankenhauspfarramt.de\/index.php\/wp-json\/wp\/v2\/comments?post=3140"}],"version-history":[{"count":0,"href":"https:\/\/krankenhauspfarramt.de\/index.php\/wp-json\/wp\/v2\/posts\/3140\/revisions"}],"wp:attachment":[{"href":"https:\/\/krankenhauspfarramt.de\/index.php\/wp-json\/wp\/v2\/media?parent=3140"}],"wp:term":[{"taxonomy":"category","embeddable":true,"href":"https:\/\/krankenhauspfarramt.de\/index.php\/wp-json\/wp\/v2\/categories?post=3140"},{"taxonomy":"post_tag","embeddable":true,"href":"https:\/\/krankenhauspfarramt.de\/index.php\/wp-json\/wp\/v2\/tags?post=3140"}],"curies":[{"name":"wp","href":"https:\/\/api.w.org\/{rel}","templated":true}]}}