{"id":3143,"date":"2021-05-03T17:26:17","date_gmt":"2021-05-03T17:26:17","guid":{"rendered":"https:\/\/krankenhauspfarramt.de\/index.php\/2021\/05\/03\/kirchentag-setzt-kraeftiges-zeichen-fuer-oekumene-ekd\/"},"modified":"2021-05-03T17:26:20","modified_gmt":"2021-05-03T17:26:20","slug":"kirchentag-setzt-kraeftiges-zeichen-fuer-oekumene-ekd","status":"publish","type":"post","link":"https:\/\/krankenhauspfarramt.de\/index.php\/2021\/05\/03\/kirchentag-setzt-kraeftiges-zeichen-fuer-oekumene-ekd\/","title":{"rendered":"Kirchentag setzt kr\u00e4ftiges Zeichen f\u00fcr \u00d6kumene \u2013 EKD"},"content":{"rendered":"<p> <br \/>\n<\/p>\n<div id=\"\">\n<p>Frankfurt a.M. (epd). Der Ratsvorsitzende der Evangelischen Kirche in\u00a0Deutschland (EKD), Heinrich Bedford-Strohm, wirbt vor dem 3.\u00a0\u00d6kumenischen Kirchentag f\u00fcr die Einheit der Christen. Es d\u00fcrfe sich\u00a0keine Konfession dadurch profilieren, dass sie die tats\u00e4chlichen oder\u00a0vermeintlichen Schw\u00e4chen der anderen herausstelle, schreibt der\u00a0bayerische Landesbischof im evangelischen Monatsmagazin &#8222;chrismon&#8220;\u00a0(Mai-Ausgabe): &#8222;Sonst bleiben die Spaltungen, sonst werden sie immer\u00a0tiefer.&#8220; Der \u00d6kumenische Kirchentag in Frankfurt am Main vom\u00a0 13. bis\u00a016. Mai werde &#8222;ein kr\u00e4ftiges Zeichen f\u00fcr die \u00d6kumene setzen&#8220;, auch\u00a0wenn er coronabedingt nur weitgehend digital stattfinden k\u00f6nne.<\/p>\n<p>Durch die \u00f6kumenischen Feiern zum Reformationsjubil\u00e4um 2017 seien\u00a0katholische und evangelische Christinnen\u00a0 und Christen einander\u00a0vertrauter geworden, so Bedford-Strohm. Das helfe beiden Seiten\u00a0heute, &#8222;so manche H\u00fcrde zu \u00fcberwinden und uns nicht durch Hindernisse\u00a0entmutigen zu lassen, etwa auf dem Weg zu wechselseitiger\u00a0Gastfreundschaft bei Eucharistie und Abendmahl&#8220;. Die Kirche solle in\u00a0einer gespaltenen Welt ein Zeichen setzen: &#8222;Erst recht dann, wenn\u00a0eine breite \u00d6ffentlichkeit ohnehin kaum noch zwischen einzelnen\u00a0Konfessionen unterscheiden kann und will.&#8220;<\/p>\n<\/div>\n<div id=\"\"><!-- SRC:  --><\/p>\n<aside class=\"article--aside quintus teaser teaser__related rs_skip rs_preserve\">\n<div class=\"teaser--article teaser--content\">\n<figure class=\"teaser--image\"><picture><source media=\"(max-width:935px)\" srcset=\"https:\/\/ekd.de\/ekd_de\/ds_img\/assets_1875_x\/20200415_oekt_werbelinie_schaut_hin_1875_rdax_625x352_60.jpg 1x, https:\/\/ekd.de\/ekd_de\/ds_img\/assets_1875_x\/20200415_oekt_werbelinie_schaut_hin_1875_rdax_1250x704_60.jpg 2x, https:\/\/ekd.de\/ekd_de\/ds_img\/assets_1875_x\/20200415_oekt_werbelinie_schaut_hin_1875_rdax_60.jpg 3x\"><source media=\"(min-width:934px)\" srcset=\"https:\/\/ekd.de\/ekd_de\/ds_img\/assets_1875_x\/20200415_oekt_werbelinie_schaut_hin_1875_rdax_360x203_70.jpg 1x, https:\/\/ekd.de\/ekd_de\/ds_img\/assets_1875_x\/20200415_oekt_werbelinie_schaut_hin_1875_rdax_720x406_70.jpg 2x, https:\/\/ekd.de\/ekd_de\/ds_img\/assets_1875_x\/20200415_oekt_werbelinie_schaut_hin_1875_rdax_1080x608_70.jpg 3x\"><\/source><\/source><\/picture><figcaption\/><\/figure>\n<p class=\"quintus--text teaser--text\">\u201eSchaut hin\u201c lautet das Leitwort f\u00fcr den 3. \u00d6kumenischen Kirchentag, der vom 13. bis 16. Mai 2021 digital und dezentral stattfindet.<\/p>\n<\/p><\/div>\n<\/aside>\n<div class=\"article--content\">\n<p>Urspr\u00fcnglich hatte der \u00d6kumenische Kirchentag vom 12. bis 16. Mai\u00a0Zehntausende Menschen in Frankfurt zusammenbringen sollen zu\u00a0Vortr\u00e4gen, Diskussionsrunden, Workshops, Gottesdiensten und\u00a0Konzerten. Wegen der Pandemie wurde das Programm deutlich\u00a0verkleinert, die\u00a0 Angebote sind \u00fcberwiegend digital. Statt der\u00a0urspr\u00fcnglich geplanten mehr als 2.000 Veranstaltungen wird es nun\u00a0etwa 80 geben, beginnend an Christi Himmelfahrt bis zum\u00a0darauffolgenden Sonntag.\u00a0Bei den Gottesdiensten mit Abendmahl oder Eucharistie am letzten\u00a0Abend des Kirchentags sollen Christinnen und Christen gleich welcher\u00a0Konfession an allen Mahlfeiern teilnehmen k\u00f6nnen, wenn sie dies mit\u00a0ihrem Gewissen vereinbaren k\u00f6nnen. Damit riskieren vor allem die\u00a0katholischen Organisatoren einen Konflikt mit dem Vatikan. Bislang\u00a0k\u00f6nnen\u00a0 evangelische und katholische Christen nicht gemeinsam\u00a0Abendmahl feiern, das w\u00fcrde eine kirchliche Einheit voraussetzen. In\u00a0Ausnahmef\u00e4llen ist eine Teilnahme etwa von Ehepartnern evangelischer\u00a0Konfession an der katholischen Eucharistie m\u00f6glich.<\/p>\n<\/p><\/div>\n<\/div>\n<div id=\"\">\n<div class=\"article--downloads download\">\n<p><h3 class=\"primus--sub-headline\">3. \u00d6kumenischer Kirchentag vom 13. bis 16. Mai 2021<\/h3>\n<\/p><\/div>\n<\/div>\n","protected":false},"excerpt":{"rendered":"<p>Frankfurt a.M. (epd). Der Ratsvorsitzende der Evangelischen Kirche in\u00a0Deutschland (EKD), Heinrich Bedford-Strohm, wirbt vor dem 3.\u00a0\u00d6kumenischen Kirchentag f\u00fcr die Einheit<\/p>\n","protected":false},"author":1,"featured_media":3144,"comment_status":"closed","ping_status":"closed","sticky":false,"template":"","format":"standard","meta":{"footnotes":""},"categories":[20],"tags":[],"_links":{"self":[{"href":"https:\/\/krankenhauspfarramt.de\/index.php\/wp-json\/wp\/v2\/posts\/3143"}],"collection":[{"href":"https:\/\/krankenhauspfarramt.de\/index.php\/wp-json\/wp\/v2\/posts"}],"about":[{"href":"https:\/\/krankenhauspfarramt.de\/index.php\/wp-json\/wp\/v2\/types\/post"}],"author":[{"embeddable":true,"href":"https:\/\/krankenhauspfarramt.de\/index.php\/wp-json\/wp\/v2\/users\/1"}],"replies":[{"embeddable":true,"href":"https:\/\/krankenhauspfarramt.de\/index.php\/wp-json\/wp\/v2\/comments?post=3143"}],"version-history":[{"count":1,"href":"https:\/\/krankenhauspfarramt.de\/index.php\/wp-json\/wp\/v2\/posts\/3143\/revisions"}],"predecessor-version":[{"id":3145,"href":"https:\/\/krankenhauspfarramt.de\/index.php\/wp-json\/wp\/v2\/posts\/3143\/revisions\/3145"}],"wp:featuredmedia":[{"embeddable":true,"href":"https:\/\/krankenhauspfarramt.de\/index.php\/wp-json\/wp\/v2\/media\/3144"}],"wp:attachment":[{"href":"https:\/\/krankenhauspfarramt.de\/index.php\/wp-json\/wp\/v2\/media?parent=3143"}],"wp:term":[{"taxonomy":"category","embeddable":true,"href":"https:\/\/krankenhauspfarramt.de\/index.php\/wp-json\/wp\/v2\/categories?post=3143"},{"taxonomy":"post_tag","embeddable":true,"href":"https:\/\/krankenhauspfarramt.de\/index.php\/wp-json\/wp\/v2\/tags?post=3143"}],"curies":[{"name":"wp","href":"https:\/\/api.w.org\/{rel}","templated":true}]}}