{"id":3150,"date":"2021-05-04T18:06:21","date_gmt":"2021-05-04T18:06:21","guid":{"rendered":"https:\/\/krankenhauspfarramt.de\/index.php\/2021\/05\/04\/ekd-synodale-waehlen-neues-praesidium-ekd\/"},"modified":"2021-05-04T18:06:23","modified_gmt":"2021-05-04T18:06:23","slug":"ekd-synodale-waehlen-neues-praesidium-ekd","status":"publish","type":"post","link":"https:\/\/krankenhauspfarramt.de\/index.php\/2021\/05\/04\/ekd-synodale-waehlen-neues-praesidium-ekd\/","title":{"rendered":"EKD-Synodale w\u00e4hlen neues Pr\u00e4sidium \u2013 EKD"},"content":{"rendered":"<p> <br \/>\n<\/p>\n<div id=\"\">\n<div class=\"article--meta article--meta__border clearfix\">\n<p>                                    <time datetime=\"04.05.2021 11:00\" class=\"article--time\">04.05.2021<\/time><strong class=\"article--type primus--overline\">Pressemitteilung<\/strong><\/p>\n<picture class=\"article--source-image image\"><source srcset=\"https:\/\/ekd.de\/ekd_de\/ds_img\/assets\/20170622_ekd-Quellenlogo_141_rdax_423x118.png\"><!--<source srcset=\"\/ekd_de\/ds_img\/assets\/20170622_ekd-Quellenlogo_141_rdax_141x39.png 1x, \/ekd_de\/ds_img\/assets\/20170622_ekd-Quellenlogo_141_rdax_282x78.png 2x, https:\/\/ekd.de\/ekd_de\/ds_img\/assets\/20170622_ekd-Quellenlogo_141_rdax_423x118.png 3x\">--><\/source><\/picture>\n<\/p><\/div>\n<h2 class=\"article--sub-headline primus--sub-headline\">Synode der EKD tagt digital \u2013 Themenabend zu \u201eKirche und Corona\u201c<\/h2>\n<\/p><\/div>\n<div id=\"\">\n<p>Mit einem Gottesdienst in der Herrenh\u00e4user Kirche am Donnerstag, 6. Mai 2021, um 18 Uhr, beginnt die 1. Tagung der 13. Synode der Evangelischen Kirche in Deutschland (EKD). In diesem Gottesdienst werden die Mitglieder der neuen Synode mit Namensaufruf verpflichtet. Die Predigt h\u00e4lt Pr\u00e4ses Thorsten Latzel aus der Evangelischen Kirche im Rheinland (EKiR). Der Gottesdienst kann ebenso wie die weitere Tagung im Livestream auf www.ekd.de\/stream verfolgt werden.<\/p>\n<p>Aufgrund der Corona-Pandemie findet die konstituierende Tagung der 13. Synode rein digital statt. Im Fokus steht die Wahl eines oder einer neuen Pr\u00e4ses sowie der Vizepr\u00e4sides und Beisitzer im Pr\u00e4sidium am Sonnabend, 8. Mai, ab 9.30 Uhr. Thematisch werden sich die 128 Delegierten zudem mit \u201eKirche und Corona\u201c besch\u00e4ftigen. Hierzu ist ein Themenabend am Freitag, 7. Mai, von 20 bis 22 Uhr geplant.<\/p>\n<p>Das Plenum beginnt am Freitag, 7. Mai, um 17.45 Uhr. Gegen 18.30 Uhr wird Pr\u00e4ses Irmgard Schwaetzer den Bericht des Pr\u00e4sidiums der 12. Synode einbringen. Der Bericht des Rates erfolgt durch den EKD-Ratsvorsitzenden, Landesbischof Heinrich Bedford-Strohm am Sonnabend, 8. Mai, im Anschluss an die Pr\u00e4ses-Wahl.<\/p>\n<p>Alle Informationen zur EKD-Synode finden Sie auf www.ekd.de\/synode.<\/p>\n<p>Hannover, 4. Mai 2021<\/p>\n<p>Pressestelle der EKD<br \/>Annika Lukas<\/p>\n<p>\u00a0<\/p>\n<p class=\"EKDFlietext\"><em style=\"font-style:italic\">\u00dcber die Synode der EKD: Die Synode der EKD ist neben Rat und Kirchenkonferenz eines der drei Leitungsorgane der EKD. Sie tagt vom 6. bis 8. Mai digital. Nach der Grundordnung der EKD besteht die 13. Synode aus 128 Mitgliedern. Zu den Aufgaben der Synode z\u00e4hlen die Erarbeitung von Kundgebungen und Beschl\u00fcssen zu Fragen der Zeit sowie die Begleitung der Arbeit des Rates der EKD durch Richtlinien. Die Synode ber\u00e4t und beschlie\u00dft aber auch den Haushalt und die Kirchengesetze. Geleitet wird die Synode vom Pr\u00e4sidium unter dem Vorsitz von Pr\u00e4ses Irmgard Schwaetzer. Sie ist zugleich Mitglied des 15-k\u00f6pfigen Rates der EKD. Vorsitzender des Rates der EKD ist Landesbischof Heinrich Bedford-Strohm. Die EKD ist die Gemeinschaft von 20 lutherischen, reformierten und unierten Landeskirchen. 21,1 Millionen evangelische Christinnen und Christen in Deutschland geh\u00f6ren zu einer der rund 13.500 Kirchengemeinden.<\/em><\/p>\n<\/div>\n","protected":false},"excerpt":{"rendered":"<p>04.05.2021Pressemitteilung Synode der EKD tagt digital \u2013 Themenabend zu \u201eKirche und Corona\u201c Mit einem Gottesdienst in der Herrenh\u00e4user Kirche am<\/p>\n","protected":false},"author":1,"featured_media":569,"comment_status":"closed","ping_status":"closed","sticky":false,"template":"","format":"standard","meta":{"footnotes":""},"categories":[20],"tags":[],"_links":{"self":[{"href":"https:\/\/krankenhauspfarramt.de\/index.php\/wp-json\/wp\/v2\/posts\/3150"}],"collection":[{"href":"https:\/\/krankenhauspfarramt.de\/index.php\/wp-json\/wp\/v2\/posts"}],"about":[{"href":"https:\/\/krankenhauspfarramt.de\/index.php\/wp-json\/wp\/v2\/types\/post"}],"author":[{"embeddable":true,"href":"https:\/\/krankenhauspfarramt.de\/index.php\/wp-json\/wp\/v2\/users\/1"}],"replies":[{"embeddable":true,"href":"https:\/\/krankenhauspfarramt.de\/index.php\/wp-json\/wp\/v2\/comments?post=3150"}],"version-history":[{"count":1,"href":"https:\/\/krankenhauspfarramt.de\/index.php\/wp-json\/wp\/v2\/posts\/3150\/revisions"}],"predecessor-version":[{"id":3151,"href":"https:\/\/krankenhauspfarramt.de\/index.php\/wp-json\/wp\/v2\/posts\/3150\/revisions\/3151"}],"wp:featuredmedia":[{"embeddable":true,"href":"https:\/\/krankenhauspfarramt.de\/index.php\/wp-json\/wp\/v2\/media\/569"}],"wp:attachment":[{"href":"https:\/\/krankenhauspfarramt.de\/index.php\/wp-json\/wp\/v2\/media?parent=3150"}],"wp:term":[{"taxonomy":"category","embeddable":true,"href":"https:\/\/krankenhauspfarramt.de\/index.php\/wp-json\/wp\/v2\/categories?post=3150"},{"taxonomy":"post_tag","embeddable":true,"href":"https:\/\/krankenhauspfarramt.de\/index.php\/wp-json\/wp\/v2\/tags?post=3150"}],"curies":[{"name":"wp","href":"https:\/\/api.w.org\/{rel}","templated":true}]}}