{"id":3155,"date":"2021-05-07T10:43:48","date_gmt":"2021-05-07T10:43:48","guid":{"rendered":"https:\/\/krankenhauspfarramt.de\/index.php\/2021\/05\/07\/volker-jung-ist-neuer-vorsitzender-der-union-evangelischer-kirchen-ekd\/"},"modified":"2021-05-07T10:43:49","modified_gmt":"2021-05-07T10:43:49","slug":"volker-jung-ist-neuer-vorsitzender-der-union-evangelischer-kirchen-ekd","status":"publish","type":"post","link":"https:\/\/krankenhauspfarramt.de\/index.php\/2021\/05\/07\/volker-jung-ist-neuer-vorsitzender-der-union-evangelischer-kirchen-ekd\/","title":{"rendered":"Volker Jung ist neuer Vorsitzender der Union Evangelischer Kirchen \u2013 EKD"},"content":{"rendered":"<p> <br \/>\n<\/p>\n<div>\n<p>In seinem letzten Bericht als Vorsitzender warb Schad f\u00fcr den Erhalt der Kirchenb\u00fcnde innerhalb der Evangelischen Kirche in Deutschland (EKD). \u201eGerade in der Vielfalt sind wir gemeinsam evangelisch\u201c, sagte der Theologe. Zentrale Aufgabe der UEK, der zw\u00f6lf der 20 EKD-Gliedkirchen angeh\u00f6ren, seien die theologische und liturgische Arbeit. Schad sprach sich allerdings daf\u00fcr aus, diese mit der Vereinigten Evangelisch-Lutherische Kirche Deutschlands (VELKD) unter dem Dach der EKD noch enger zu verzahnen.<\/p>\n<p>Zur UEK geh\u00f6ren die Landeskirchen von Anhalt, Baden, Berlin-Brandenburg-schlesische Oberlausitz, Bremen, Hessen-Nassau, Kurhessen-Waldeck, Lippe, Pfalz, Rheinland, Mitteldeutschland und Westfalen sowie die Evangelisch-reformierte Kirche. Die Vollkonferenz ist das h\u00f6chste Gremium der UEK. Ihr geh\u00f6ren 112 Mitglieder an, die zugleich Mitglieder der EKD-Synode sind. Die konstituierende Sitzung zu Beginn einer sechsj\u00e4hrigen Amtszeit fand am Freitag wegen der Corona-Pandemie digital statt.<\/p>\n<\/p><\/div>\n","protected":false},"excerpt":{"rendered":"<p>In seinem letzten Bericht als Vorsitzender warb Schad f\u00fcr den Erhalt der Kirchenb\u00fcnde innerhalb der Evangelischen Kirche in Deutschland (EKD).<\/p>\n","protected":false},"author":1,"featured_media":3156,"comment_status":"closed","ping_status":"closed","sticky":false,"template":"","format":"standard","meta":{"footnotes":""},"categories":[20],"tags":[],"_links":{"self":[{"href":"https:\/\/krankenhauspfarramt.de\/index.php\/wp-json\/wp\/v2\/posts\/3155"}],"collection":[{"href":"https:\/\/krankenhauspfarramt.de\/index.php\/wp-json\/wp\/v2\/posts"}],"about":[{"href":"https:\/\/krankenhauspfarramt.de\/index.php\/wp-json\/wp\/v2\/types\/post"}],"author":[{"embeddable":true,"href":"https:\/\/krankenhauspfarramt.de\/index.php\/wp-json\/wp\/v2\/users\/1"}],"replies":[{"embeddable":true,"href":"https:\/\/krankenhauspfarramt.de\/index.php\/wp-json\/wp\/v2\/comments?post=3155"}],"version-history":[{"count":1,"href":"https:\/\/krankenhauspfarramt.de\/index.php\/wp-json\/wp\/v2\/posts\/3155\/revisions"}],"predecessor-version":[{"id":3157,"href":"https:\/\/krankenhauspfarramt.de\/index.php\/wp-json\/wp\/v2\/posts\/3155\/revisions\/3157"}],"wp:featuredmedia":[{"embeddable":true,"href":"https:\/\/krankenhauspfarramt.de\/index.php\/wp-json\/wp\/v2\/media\/3156"}],"wp:attachment":[{"href":"https:\/\/krankenhauspfarramt.de\/index.php\/wp-json\/wp\/v2\/media?parent=3155"}],"wp:term":[{"taxonomy":"category","embeddable":true,"href":"https:\/\/krankenhauspfarramt.de\/index.php\/wp-json\/wp\/v2\/categories?post=3155"},{"taxonomy":"post_tag","embeddable":true,"href":"https:\/\/krankenhauspfarramt.de\/index.php\/wp-json\/wp\/v2\/tags?post=3155"}],"curies":[{"name":"wp","href":"https:\/\/api.w.org\/{rel}","templated":true}]}}