{"id":3160,"date":"2021-05-07T14:47:56","date_gmt":"2021-05-07T14:47:56","guid":{"rendered":"https:\/\/krankenhauspfarramt.de\/index.php\/2021\/05\/07\/theologe-michael-beintker-mit-karl-barth-preis-ausgezeichnet-ekd\/"},"modified":"2021-05-07T14:47:58","modified_gmt":"2021-05-07T14:47:58","slug":"theologe-michael-beintker-mit-karl-barth-preis-ausgezeichnet-ekd","status":"publish","type":"post","link":"https:\/\/krankenhauspfarramt.de\/index.php\/2021\/05\/07\/theologe-michael-beintker-mit-karl-barth-preis-ausgezeichnet-ekd\/","title":{"rendered":"Theologe Michael Beintker mit Karl-Barth-Preis ausgezeichnet \u2013 EKD"},"content":{"rendered":"<p> <br \/>\n<\/p>\n<div>\n<p>Die Auszeichnung w\u00fcrdigt besonders Beintkers zahlreiche Forschungsarbeiten zur Theologie Barths. Der ehemalige M\u00fcnsteraner Universit\u00e4tsprofessor gilt als einer der profiliertesten deutschen Theologen. Er war unter anderem Vorsitzender des Theologischen Ausschusses der UEK und ist stellvertretender Vorsitzender der Kammer f\u00fcr Theologie der EKD.<\/p>\n<p>Die Theologin Christiane Tietz, die kurz zuvor zur neuen Vorsitzenden des Theologischen Ausschusses der UEK gew\u00e4hlt worden war, w\u00fcrdigte Beintker in ihrer Laudatio f\u00fcr dessen \u201eau\u00dferordentliches Engagement auf allen Ebene der Kirche und in der Gesellschaft\u201c. Er habe Barths Grundgedanken zur Geltung gebracht, dass Menschen ihr Heil ausschlie\u00dflich von Jesus Christus zu erwarten h\u00e4tten.<\/p>\n<p>Der Karl-Barth-Preis wird seit 1986 alle zwei Jahre verliehen. Zu den bisherigen Preistr\u00e4gern geh\u00f6ren die Theologen Hans K\u00fcng, Kardinal Karl Lehmann und Wolfgang Huber, der Jurist Helmut Simon und der Unternehmer Heinz-Horst Deichmann.<\/p>\n<\/p><\/div>\n","protected":false},"excerpt":{"rendered":"<p>Die Auszeichnung w\u00fcrdigt besonders Beintkers zahlreiche Forschungsarbeiten zur Theologie Barths. Der ehemalige M\u00fcnsteraner Universit\u00e4tsprofessor gilt als einer der profiliertesten deutschen<\/p>\n","protected":false},"author":1,"featured_media":3161,"comment_status":"closed","ping_status":"closed","sticky":false,"template":"","format":"standard","meta":{"footnotes":""},"categories":[20],"tags":[],"_links":{"self":[{"href":"https:\/\/krankenhauspfarramt.de\/index.php\/wp-json\/wp\/v2\/posts\/3160"}],"collection":[{"href":"https:\/\/krankenhauspfarramt.de\/index.php\/wp-json\/wp\/v2\/posts"}],"about":[{"href":"https:\/\/krankenhauspfarramt.de\/index.php\/wp-json\/wp\/v2\/types\/post"}],"author":[{"embeddable":true,"href":"https:\/\/krankenhauspfarramt.de\/index.php\/wp-json\/wp\/v2\/users\/1"}],"replies":[{"embeddable":true,"href":"https:\/\/krankenhauspfarramt.de\/index.php\/wp-json\/wp\/v2\/comments?post=3160"}],"version-history":[{"count":1,"href":"https:\/\/krankenhauspfarramt.de\/index.php\/wp-json\/wp\/v2\/posts\/3160\/revisions"}],"predecessor-version":[{"id":3162,"href":"https:\/\/krankenhauspfarramt.de\/index.php\/wp-json\/wp\/v2\/posts\/3160\/revisions\/3162"}],"wp:featuredmedia":[{"embeddable":true,"href":"https:\/\/krankenhauspfarramt.de\/index.php\/wp-json\/wp\/v2\/media\/3161"}],"wp:attachment":[{"href":"https:\/\/krankenhauspfarramt.de\/index.php\/wp-json\/wp\/v2\/media?parent=3160"}],"wp:term":[{"taxonomy":"category","embeddable":true,"href":"https:\/\/krankenhauspfarramt.de\/index.php\/wp-json\/wp\/v2\/categories?post=3160"},{"taxonomy":"post_tag","embeddable":true,"href":"https:\/\/krankenhauspfarramt.de\/index.php\/wp-json\/wp\/v2\/tags?post=3160"}],"curies":[{"name":"wp","href":"https:\/\/api.w.org\/{rel}","templated":true}]}}