{"id":3163,"date":"2021-05-07T14:51:12","date_gmt":"2021-05-07T14:51:12","guid":{"rendered":"https:\/\/krankenhauspfarramt.de\/index.php\/2021\/05\/07\/beteiligung-von-betroffenen-an-aufarbeitung-zentral-und-unverzichtbar-ekd\/"},"modified":"2021-05-07T14:51:13","modified_gmt":"2021-05-07T14:51:13","slug":"beteiligung-von-betroffenen-an-aufarbeitung-zentral-und-unverzichtbar-ekd","status":"publish","type":"post","link":"https:\/\/krankenhauspfarramt.de\/index.php\/2021\/05\/07\/beteiligung-von-betroffenen-an-aufarbeitung-zentral-und-unverzichtbar-ekd\/","title":{"rendered":"\u201eBeteiligung von Betroffenen an Aufarbeitung zentral und unverzichtbar\u201c \u2013 EKD"},"content":{"rendered":"<p> <br \/>\n<\/p>\n<div id=\"\">\n<div class=\"article--meta article--meta__border clearfix\">\n<p>                                    <time datetime=\"07.05.2021 14:30\" class=\"article--time\">07.05.2021<\/time><strong class=\"article--type primus--overline\">Pressemitteilung<\/strong><\/p>\n<picture class=\"article--source-image image\"><source srcset=\"https:\/\/ekd.de\/ekd_de\/ds_img\/assets\/20170622_ekd-Quellenlogo_141_rdax_423x118.png\"><!--<source srcset=\"\/ekd_de\/ds_img\/assets\/20170622_ekd-Quellenlogo_141_rdax_141x39.png 1x, \/ekd_de\/ds_img\/assets\/20170622_ekd-Quellenlogo_141_rdax_282x78.png 2x, https:\/\/ekd.de\/ekd_de\/ds_img\/assets\/20170622_ekd-Quellenlogo_141_rdax_423x118.png 3x\">--><\/source><\/picture>\n<\/p><\/div>\n<h2 class=\"article--sub-headline primus--sub-headline\">Landesbischof Meyns, Sprecher des Beauftragtenrates der EKD, zur heutigen Berichterstattung zur Situation im Betroffenenbeirat<\/h2>\n<\/p><\/div>\n<div id=\"\">\n<p>Zur heutigen Berichterstattung des \u201eSpiegel\u201c zur Betroffenenpartizipation in der evangelischen Kirche \u00e4u\u00dfert sich der Sprecher des Beauftragtenrates der Evangelischen Kirche in Deutschland (EKD) zum Schutz vor Sexualisierter Gewalt, Landesbischof Christoph Meyns, wie folgt:<\/p>\n<p>\u201eDie Beteiligung von Betroffenen an der Aufarbeitung sexualisierter Gewalt ist f\u00fcr die evangelische Kirche zentral und unverzichtbar. Mit Sorge haben wir wahrgenommen, dass innerhalb kurzer Zeit f\u00fcnf der urspr\u00fcnglich zw\u00f6lf Mitglieder des Betroffenenbeirats zur\u00fcckgetreten sind. Zudem wurde aus dem Gremium heraus selbst ein Antrag auf Aufl\u00f6sung gestellt. Deshalb f\u00fchrt der Beauftragtenrat zurzeit Gespr\u00e4che sowohl mit den zur\u00fcckgetretenen als auch den verbliebenen Mitgliedern des Betroffenenbeirats, um Partizipation von Betroffenen an den laufenden Prozessen zu gew\u00e4hrleisten und die Betroffenenbeteiligung auch langfristig sicherzustellen. Die Evangelische Kirche ist auf das Erfahrungswissen der Betroffenen angewiesen und will sie weiterhin konsequent beteiligen. Daf\u00fcr m\u00fcssen wir gerade auch mit R\u00fccksicht auf die unterschiedlichen Perspektiven von Betroffenen die bisherigen Erfahrungen auswerten und die Formen \u00fcberpr\u00fcfen, ggf. auch weiterentwickeln. Wir bitten um Verst\u00e4ndnis, dass aus diesen laufenden Gespr\u00e4chen nicht berichtet werden kann.\u201c<\/p>\n<p class=\"EKDFlietext\"><em>Hintergrund: <\/em><\/p>\n<p><em>Der Betroffenenbeirat war im August 2020 von der EKD berufen worden, um in strukturierter Art und Weise Perspektiven und Haltungen Betroffener sexualisierter Gewalt in die laufenden Entscheidungsprozesse einzubinden. Vorangegangen war ein Auswahlprozess, der sich an dem Verfahren des UBSKM bei der Einrichtung seines Betroffenenrates orientierte. \u00a0Der Betroffenenbeirat ist derzeit an allen laufenden Prozessen zur Aufarbeitung sexualisierter Gewalt in der EKD und der Diakonie beteiligt. <\/em><\/p>\n<p>Weitere Informationen zu den Ma\u00dfnahmen gegen sexualisierte Gewalt unter:<br \/>www.hinschauen-helfen-handeln.de<br \/>www.ekd.de\/missbrauch<\/p>\n<p class=\"Default\">Ansprechpersonen f\u00fcr Betroffene sexualisierter Gewalt: www.Anlaufstelle.help<\/p>\n<p class=\"Default\">www.ekd.de\/Ansprechpartner-fuer-Missbrauchsopfer-23994.htm<\/p>\n<p class=\"EKDFlietext\">Hannover, 7. Mai 2021<\/p>\n<p class=\"EKDFlietext\">Pressestelle der EKD<br \/>Carsten Splitt<\/p>\n<\/div>\n","protected":false},"excerpt":{"rendered":"<p>07.05.2021Pressemitteilung Landesbischof Meyns, Sprecher des Beauftragtenrates der EKD, zur heutigen Berichterstattung zur Situation im Betroffenenbeirat Zur heutigen Berichterstattung des \u201eSpiegel\u201c<\/p>\n","protected":false},"author":1,"featured_media":569,"comment_status":"closed","ping_status":"closed","sticky":false,"template":"","format":"standard","meta":{"footnotes":""},"categories":[20],"tags":[],"_links":{"self":[{"href":"https:\/\/krankenhauspfarramt.de\/index.php\/wp-json\/wp\/v2\/posts\/3163"}],"collection":[{"href":"https:\/\/krankenhauspfarramt.de\/index.php\/wp-json\/wp\/v2\/posts"}],"about":[{"href":"https:\/\/krankenhauspfarramt.de\/index.php\/wp-json\/wp\/v2\/types\/post"}],"author":[{"embeddable":true,"href":"https:\/\/krankenhauspfarramt.de\/index.php\/wp-json\/wp\/v2\/users\/1"}],"replies":[{"embeddable":true,"href":"https:\/\/krankenhauspfarramt.de\/index.php\/wp-json\/wp\/v2\/comments?post=3163"}],"version-history":[{"count":1,"href":"https:\/\/krankenhauspfarramt.de\/index.php\/wp-json\/wp\/v2\/posts\/3163\/revisions"}],"predecessor-version":[{"id":3164,"href":"https:\/\/krankenhauspfarramt.de\/index.php\/wp-json\/wp\/v2\/posts\/3163\/revisions\/3164"}],"wp:featuredmedia":[{"embeddable":true,"href":"https:\/\/krankenhauspfarramt.de\/index.php\/wp-json\/wp\/v2\/media\/569"}],"wp:attachment":[{"href":"https:\/\/krankenhauspfarramt.de\/index.php\/wp-json\/wp\/v2\/media?parent=3163"}],"wp:term":[{"taxonomy":"category","embeddable":true,"href":"https:\/\/krankenhauspfarramt.de\/index.php\/wp-json\/wp\/v2\/categories?post=3163"},{"taxonomy":"post_tag","embeddable":true,"href":"https:\/\/krankenhauspfarramt.de\/index.php\/wp-json\/wp\/v2\/tags?post=3163"}],"curies":[{"name":"wp","href":"https:\/\/api.w.org\/{rel}","templated":true}]}}