{"id":3168,"date":"2021-05-07T18:51:59","date_gmt":"2021-05-07T18:51:59","guid":{"rendered":"https:\/\/krankenhauspfarramt.de\/index.php\/2021\/05\/07\/christliche-ueberzeugungen-mutig-und-stark-in-die-gesellschaftliche-diskussion-einbringen-ekd\/"},"modified":"2021-05-07T18:52:01","modified_gmt":"2021-05-07T18:52:01","slug":"christliche-ueberzeugungen-mutig-und-stark-in-die-gesellschaftliche-diskussion-einbringen-ekd","status":"publish","type":"post","link":"https:\/\/krankenhauspfarramt.de\/index.php\/2021\/05\/07\/christliche-ueberzeugungen-mutig-und-stark-in-die-gesellschaftliche-diskussion-einbringen-ekd\/","title":{"rendered":"Christliche \u00dcberzeugungen mutig und stark in die gesellschaftliche Diskussion einbringen \u2013 EKD"},"content":{"rendered":"<p> <br \/>\n<\/p>\n<div id=\"\">\n<div class=\"article--meta article--meta__border clearfix\">\n<p>                                    <time datetime=\"07.05.2021 18:20\" class=\"article--time\">07.05.2021<\/time><strong class=\"article--type primus--overline\">Pressemitteilung<\/strong><\/p>\n<\/p><\/div>\n<h2 class=\"article--sub-headline primus--sub-headline\">Pr\u00e4ses Schwaetzer hielt ihren letzten Bericht des Pr\u00e4sidiums der EKD-Synode<\/h2>\n<\/p><\/div>\n<div id=\"\">\n<p>Ob bei der Bew\u00e4ltigung der Corona-Pandemie, in der Friedensarbeit, oder beim Thema assistierter Suizid: Die christlichen \u00dcberzeugungen in die \u00f6ffentliche Diskussion einzubringen, bleibt auch f\u00fcr die neue gew\u00e4hlte Synode eine der wichtigsten Aufgaben. Diese Botschaft hat die Pr\u00e4ses der Synode der Evangelischen Kirche in Deutschland (EKD), Irmgard Schwaetzer, in den Mittelpunkt ihres letzten Pr\u00e4sidiumsberichts bei der konstituierenden Tagung der 13. Synode der EKD gestellt. Zugleich st\u00fcnden gro\u00dfe kirchliche Gestaltungsaufgaben an. \u201eEs liegen wichtige Jahre vor Ihnen \u2013 Sie werden gebraucht mit allem, was Sie mitbringen: mit Ihrer Kraft, Ihrem Mut, Ihrer Erfahrung, Ihrer Weitsicht, Ihrer Zuversicht \u2013 mit Herz und Verstand\u201c, gab sie den 128 Synodalen mit auf den Weg.<\/p>\n<p>\u201eAls Institution hat die Pandemie auch die evangelische Kirche vor Herausforderungen gestellt, indem sie das Gewohnte durchkreuzt und uns gezwungen hat, neue Wege zu finden \u2013 um Gottesdienste zu feiern, Seelsorge zu leisten, Gemeinde zu erleben und f\u00fcreinander da zu sein\u201c, so Schwaetzer. \u201eDas kann sehr m\u00fchsam sein, hat aber vor allem gro\u00dfe Kreativit\u00e4t freigesetzt. Da ist viel Neues entstanden, das in die Zukunft weist und zeigt, wo und wie wir uns ver\u00e4ndern k\u00f6nnen und m\u00fcssen, um in einer Welt das Evangelium zu verk\u00fcndigen, in der die Digitalisierung auch schon vor der Pandemie viele Lebensgewohnheiten ver\u00e4ndert hat.\u201c<\/p>\n<p>Eine Aufgabe und Herausforderung auf Jahre hinaus bleibe zudem die Aufarbeitung von F\u00e4llen sexualisierter Gewalt in der evangelischen Kirche, so die Pr\u00e4ses. \u201eGr\u00f6\u00dftm\u00f6gliche Transparenz und die Beteiligung der Betroffenen selbst sind zentrale Eckpunkte der weiteren Arbeit auf diesem Gebiet.\u201c<\/p>\n<p>Schwaetzer lenkte den Blick auch auf ein kirchliches Gro\u00dfereignis des kommenden Jahres: \u201eDie Vollversammlung des \u00d6kumenischen Rates der Kirchen in Karlsruhe. Es ist das erste Mal seit 50 Jahren, dass sich die Christinnen und Christen aus aller Welt wieder in Europa versammeln. F\u00fcr die Synode k\u00f6nnte dies ein Anlass sein, sich auf der Tagung im November ausf\u00fchrlicher mit der \u00d6kumene im 21. Jahrhundert auseinanderzusetzen.\u201c Zudem legte sie den Synodalen eine erneute Besch\u00e4ftigung mit den friedensethischen Leitlinien im Blick auf die heutigen Bedrohungen ans Herz. \u201eEinen wachen Blick zu behalten f\u00fcr das, was \u201edran\u201c ist in Kirche und Gesellschaft\u201c, das sei auch f\u00fcr die 13. Synode wie schon f\u00fcr die urchristliche Gemeinde wichtiger denn je: <em>\u201eWachet, steht im Glauben, seid mutig und seid stark! Alle eure Dinge lasst in der Liebe geschehen.\u201c (1. Kor 16,13)<\/em><\/p>\n<p>Am morgigen Sonnabend w\u00e4hlt die EKD-Synode eine Nachfolgerin oder einen Nachfolger f\u00fcr Irmgard Schwaetzer im Amt der\/des Pr\u00e4ses der Synode, das Schwaetzer seit November 2013 innehatte.<\/p>\n<p class=\"EKDFlietext\"><em style=\"font-style:italic\">Der vollst\u00e4ndige Wortlaut des Berichts der Pr\u00e4ses der EKD-Synode steht nach Ablauf der Sperrfrist unter www.ekd.de\/praesidiumsbericht-synode-mai-2021 zum Download zur Verf\u00fcgung.<\/em><\/p>\n<p>Hannover, 7. Mai 2021<\/p>\n<p>Pressestelle der EKD<br \/>Carsten Splitt<\/p>\n<p class=\"EKDFlietext\">\u00a0<\/p>\n<p class=\"EKDFlietext\"><em style=\"font-style:italic\">\u00dcber die Synode der EKD: Die Synode der EKD ist neben Rat und Kirchenkonferenz eines der drei Leitungsorgane der EKD. Sie tagt vom 6. bis 8. Mai digital. Nach der Grundordnung der EKD besteht die 13. Synode aus 128 Mitgliedern. Zu den Aufgaben der Synode z\u00e4hlen die Erarbeitung von Kundgebungen und Beschl\u00fcssen zu Fragen der Zeit sowie die Begleitung der Arbeit des Rates der EKD durch Richtlinien. Die Synode ber\u00e4t und beschlie\u00dft aber auch den Haushalt und die Kirchengesetze. Geleitet wird die Synode vom Pr\u00e4sidium unter dem Vorsitz von Pr\u00e4ses Irmgard Schwaetzer. Sie ist zugleich Mitglied des 15-k\u00f6pfigen Rates der EKD. Vorsitzender des Rates der EKD ist Landesbischof Heinrich Bedford-Strohm. Die EKD ist die Gemeinschaft von 20 lutherischen, reformierten und unierten Landeskirchen. 21,1 Millionen evangelische Christinnen und Christen in Deutschland geh\u00f6ren zu einer der rund 13.500 Kirchengemeinden.<\/em><\/p>\n<\/div>\n","protected":false},"excerpt":{"rendered":"<p>07.05.2021Pressemitteilung Pr\u00e4ses Schwaetzer hielt ihren letzten Bericht des Pr\u00e4sidiums der EKD-Synode Ob bei der Bew\u00e4ltigung der Corona-Pandemie, in der Friedensarbeit,<\/p>\n","protected":false},"author":1,"featured_media":3169,"comment_status":"closed","ping_status":"closed","sticky":false,"template":"","format":"standard","meta":{"footnotes":""},"categories":[20],"tags":[],"_links":{"self":[{"href":"https:\/\/krankenhauspfarramt.de\/index.php\/wp-json\/wp\/v2\/posts\/3168"}],"collection":[{"href":"https:\/\/krankenhauspfarramt.de\/index.php\/wp-json\/wp\/v2\/posts"}],"about":[{"href":"https:\/\/krankenhauspfarramt.de\/index.php\/wp-json\/wp\/v2\/types\/post"}],"author":[{"embeddable":true,"href":"https:\/\/krankenhauspfarramt.de\/index.php\/wp-json\/wp\/v2\/users\/1"}],"replies":[{"embeddable":true,"href":"https:\/\/krankenhauspfarramt.de\/index.php\/wp-json\/wp\/v2\/comments?post=3168"}],"version-history":[{"count":1,"href":"https:\/\/krankenhauspfarramt.de\/index.php\/wp-json\/wp\/v2\/posts\/3168\/revisions"}],"predecessor-version":[{"id":3170,"href":"https:\/\/krankenhauspfarramt.de\/index.php\/wp-json\/wp\/v2\/posts\/3168\/revisions\/3170"}],"wp:featuredmedia":[{"embeddable":true,"href":"https:\/\/krankenhauspfarramt.de\/index.php\/wp-json\/wp\/v2\/media\/3169"}],"wp:attachment":[{"href":"https:\/\/krankenhauspfarramt.de\/index.php\/wp-json\/wp\/v2\/media?parent=3168"}],"wp:term":[{"taxonomy":"category","embeddable":true,"href":"https:\/\/krankenhauspfarramt.de\/index.php\/wp-json\/wp\/v2\/categories?post=3168"},{"taxonomy":"post_tag","embeddable":true,"href":"https:\/\/krankenhauspfarramt.de\/index.php\/wp-json\/wp\/v2\/tags?post=3168"}],"curies":[{"name":"wp","href":"https:\/\/api.w.org\/{rel}","templated":true}]}}